{"id":3945,"date":"2017-06-19T15:07:18","date_gmt":"2017-06-19T14:07:18","guid":{"rendered":"http:\/\/fara.sk\/svatarodina\/?p=3945"},"modified":"2017-06-19T15:07:18","modified_gmt":"2017-06-19T14:07:18","slug":"aktualne-oznamy-18-06-2017-11-cezrocna-nedela","status":"publish","type":"post","link":"https:\/\/svatarodina.fara.sk\/?p=3945","title":{"rendered":"Farsk\u00e9 oznamy (18.06.2017, 11. cezro\u010dn\u00e1 nede\u013ea)"},"content":{"rendered":"<p>\t\t\t\t<![CDATA[<strong>\u00a0<\/strong>\n\n\n<table width=\"512\">\n\n\n<tbody>\n\n\n<tr>\n\n\n<td colspan=\"2\" width=\"214\">\n\n\n<h1><strong>Liturgick\u00fd kalend\u00e1r<\/strong><\/h1>\n\n\n<\/td>\n\n\n\n\n<td colspan=\"3\" width=\"298\">\n\n\n<h2>\u00damysly<\/h2>\n\n\n<\/td>\n\n\n<\/tr>\n\n\n\n\n<tr>\n\n\n<td rowspan=\"4\" width=\"72\">\n\n\n<h1>Nede\u013ea<\/h1>\n\n\n18.6.<\/td>\n\n\n\n\n<td rowspan=\"4\" width=\"142\"><strong>11. NEDE\u013dA v\u00a0cezro\u010dnom obdob\u00ed<\/strong><\/td>\n\n\n\n\n<td width=\"43\">7.30<\/td>\n\n\n\n\n<td width=\"21\"><strong>A\u0160<\/strong><\/td>\n\n\n\n\n<td width=\"234\">+ Zuzana, J\u00e1n, Agnesa a\u00a0Franti\u0161ek<\/td>\n\n\n<\/tr>\n\n\n\n\n<tr>\n\n\n<td width=\"43\">9.00<\/td>\n\n\n\n\n<td width=\"21\"><strong>JV<\/strong><\/td>\n\n\n\n\n<td width=\"234\">za farn\u00edkov<\/td>\n\n\n<\/tr>\n\n\n\n\n<tr>\n\n\n<td width=\"43\">10.30<\/td>\n\n\n\n\n<td width=\"21\"><strong>\u00a0<\/strong><\/td>\n\n\n\n\n<td width=\"234\"><strong><em>NEBUDE!!!<\/em><\/strong><\/td>\n\n\n<\/tr>\n\n\n\n\n<tr>\n\n\n<td width=\"43\">18.00<\/td>\n\n\n\n\n<td width=\"21\"><strong>A\u0160<\/strong><\/td>\n\n\n\n\n<td width=\"234\">+ Jozef, M\u00e1ria a\u00a0star\u00ed rodi\u010dia z\u00a0oboch str\u00e1n<\/td>\n\n\n<\/tr>\n\n\n\n\n<tr>\n\n\n<td rowspan=\"2\" width=\"72\">\n\n\n<h1>Pondelok<\/h1>\n\n\n19.6.<\/td>\n\n\n\n\n<td rowspan=\"2\" width=\"142\"><em>\u00a0<\/em><\/td>\n\n\n\n\n<td width=\"43\">7.00<\/td>\n\n\n\n\n<td width=\"21\"><strong>JV<\/strong><\/td>\n\n\n\n\n<td width=\"234\">za odprosenie hriechov a\u00a0uzdravenie vz\u0165ahov v rodine<\/td>\n\n\n<\/tr>\n\n\n\n\n<tr>\n\n\n<td width=\"43\">18.00<\/td>\n\n\n\n\n<td width=\"21\"><strong>A\u0160<\/strong><\/td>\n\n\n\n\n<td width=\"234\">+ Jozef<\/td>\n\n\n<\/tr>\n\n\n\n\n<tr>\n\n\n<td rowspan=\"2\" width=\"72\"><strong>Utorok<\/strong>\n20.6.<\/td>\n\n\n\n\n<td rowspan=\"2\" width=\"142\"><em>\u00a0<\/em><\/td>\n\n\n\n\n<td width=\"43\">7.00<\/td>\n\n\n\n\n<td width=\"21\"><strong>A\u0160<\/strong><\/td>\n\n\n\n\n<td width=\"234\">+ M\u00e1ria a\u00a0Janka<\/td>\n\n\n<\/tr>\n\n\n\n\n<tr>\n\n\n<td width=\"43\">18.00<\/td>\n\n\n\n\n<td width=\"21\"><strong>\u00a0<\/strong><\/td>\n\n\n\n\n<td width=\"234\">+ Monika, Val\u00e9ria, Alexander a\u00a0Ferdinand<\/td>\n\n\n<\/tr>\n\n\n\n\n<tr>\n\n\n<td rowspan=\"2\" width=\"72\"><strong>Streda<\/strong>\n21.6.<\/td>\n\n\n\n\n<td rowspan=\"2\" width=\"142\"><em>Sv. Alojza Gonz\u00e1gu, reho\u013en\u00edka, spomienka<\/em><\/td>\n\n\n\n\n<td width=\"43\">7.00<\/td>\n\n\n\n\n<td width=\"21\"><strong>A\u0160<\/strong><\/td>\n\n\n\n\n<td width=\"234\"><\/td>\n\n\n<\/tr>\n\n\n\n\n<tr>\n\n\n<td width=\"43\">18.00<\/td>\n\n\n\n\n<td width=\"21\"><strong>JV<\/strong><\/td>\n\n\n\n\n<td width=\"234\">+ man\u017eel Ladislav, rodi\u010dia a\u00a0star\u00ed rodi\u010dia z\u00a0oboch str\u00e1n<\/td>\n\n\n<\/tr>\n\n\n\n\n<tr>\n\n\n<td rowspan=\"2\" width=\"72\"><strong>\u0160tvrtok<\/strong>\n22.6.<\/td>\n\n\n\n\n<td rowspan=\"2\" width=\"142\"><em>\u00a0<\/em><\/td>\n\n\n\n\n<td width=\"43\">7.00<\/td>\n\n\n\n\n<td width=\"21\"><strong>JV<\/strong><\/td>\n\n\n\n\n<td width=\"234\">+ \u013dudov\u00edt, Jozef\u00edna a\u00a0rodi\u010dia z\u00a0oboch str\u00e1n<\/td>\n\n\n<\/tr>\n\n\n\n\n<tr>\n\n\n<td width=\"43\">18.00<\/td>\n\n\n\n\n<td width=\"21\"><strong>A\u0160<\/strong><\/td>\n\n\n\n\n<td width=\"234\">+ rodi\u010dia, brat a\u00a0pr\u00edbuzn\u00ed<\/td>\n\n\n<\/tr>\n\n\n\n\n<tr>\n\n\n<td rowspan=\"2\" width=\"72\">\n\n\n<h1>Piatok<\/h1>\n\n\n23.6.<\/td>\n\n\n\n\n<td rowspan=\"2\" width=\"142\"><em>Najsv\u00e4tej\u0161ieho Srdca Je\u017ei\u0161ovho, sl\u00e1vnos\u0165<\/em><\/td>\n\n\n\n\n<td width=\"43\">7.00<\/td>\n\n\n\n\n<td width=\"21\"><strong>A\u0160<\/strong><\/td>\n\n\n\n\n<td width=\"234\">+ J\u00e1n, rodi\u010dia a\u00a0star\u00ed rodi\u010dia<\/td>\n\n\n<\/tr>\n\n\n\n\n<tr>\n\n\n<td width=\"43\">18.00<\/td>\n\n\n\n\n<td width=\"21\"><strong>JV<\/strong><\/td>\n\n\n\n\n<td width=\"234\">za zdravie a\u00a0Bo\u017eiu pomoc pre man\u017eelku Radoslavu a deti<\/td>\n\n\n<\/tr>\n\n\n\n\n<tr>\n\n\n<td rowspan=\"2\" width=\"72\">\n\n\n<h1>Sobota<\/h1>\n\n\n24.6.<\/td>\n\n\n\n\n<td rowspan=\"2\" width=\"142\"><em>Narodenie sv. J\u00e1na Krstite\u013ea, sl\u00e1vnos\u0165<\/em><\/td>\n\n\n\n\n<td width=\"43\">7.30<\/td>\n\n\n\n\n<td width=\"21\"><strong>A\u0160<\/strong><\/td>\n\n\n\n\n<td width=\"234\">+ vnuk Filip, rodi\u010dia z\u00a0oboch str\u00e1n a\u00a0cel\u00e1 rodina<\/td>\n\n\n<\/tr>\n\n\n\n\n<tr>\n\n\n<td width=\"43\"><\/td>\n\n\n\n\n<td width=\"21\"><strong>\u00a0<\/strong><\/td>\n\n\n\n\n<td width=\"234\"><\/td>\n\n\n<\/tr>\n\n\n\n\n<tr>\n\n\n<td rowspan=\"4\" width=\"72\">\n\n\n<h1>Nede\u013ea<\/h1>\n\n\n25.6.<\/td>\n\n\n\n\n<td rowspan=\"4\" width=\"142\"><strong>12. NEDE\u013dA v\u00a0cezro\u010dnom obdob\u00ed<\/strong><\/td>\n\n\n\n\n<td width=\"43\">7.30<\/td>\n\n\n\n\n<td width=\"21\"><strong>JV<\/strong><\/td>\n\n\n\n\n<td width=\"234\">+ rodi\u010dia<\/td>\n\n\n<\/tr>\n\n\n\n\n<tr>\n\n\n<td width=\"43\">9.00<\/td>\n\n\n\n\n<td width=\"21\"><strong>A\u0160<\/strong><\/td>\n\n\n\n\n<td width=\"234\">za obr\u00e1tenie pre Juraja<\/td>\n\n\n<\/tr>\n\n\n\n\n<tr>\n\n\n<td width=\"43\">10.30<\/td>\n\n\n\n\n<td width=\"21\"><strong>JV<\/strong><\/td>\n\n\n\n\n<td width=\"234\">za farn\u00edkov<\/td>\n\n\n<\/tr>\n\n\n\n\n<tr>\n\n\n<td width=\"43\">18.00<\/td>\n\n\n\n\n<td width=\"21\"><strong>A\u0160<\/strong><\/td>\n\n\n\n\n<td width=\"234\">+ Vojtech a Tom\u00e1\u0161<\/td>\n\n\n<\/tr>\n\n\n<\/tbody>\n\n\n<\/table>\n\n\n<em>Inici\u00e1lky: JV \u2013 o. Juraj Vittek, A\u0160 \u2013 o. Andrej \u0160ottn\u00edk<\/em>\n<strong><em>\u00a0<\/em><\/strong>\n<strong>\u00a0<\/strong>\n<strong>Nov\u00e9 menovanie vo farnosti<\/strong>\nS\u00a0rados\u0165ou oznamujeme, \u017ee s platnos\u0165ou od 1. j\u00fala 2017 je do na\u0161ej farnosti menovan\u00fd ako v\u00fdpomocn\u00fd duchovn\u00fd vdp. Martin Kramara, hovorca KBS. Jeho slu\u017eba vo farnosti bude limitovan\u00e1 jeho \u010fal\u0161\u00edmi \u00falohami, ale te\u0161\u00edme sa ve\u013emi tejto posile v na\u0161ej farnosti.\n<strong>Stretnutie spolo\u010denstva Spolo\u010dn\u00e9 dobro<\/strong>\nSpolo\u010denstvo Spolo\u010dn\u00e9 dobro srde\u010dne poz\u00fdva v\u0161etk\u00fdch farn\u00edkov na stretnutie, ktor\u00e9 bude\u00a0v dnes o 15.00 v pastora\u010dnom centre kostola.\u00a0T\u00e9mou podujatia bude uva\u017eovanie o sloven\u010dine v \u017eivote kres\u0165ana. Te\u0161\u00edme sa na va\u0161u \u00fa\u010das\u0165 i na ot\u00e1zky o jazykovej kult\u00fare v modlitb\u00e1ch a liturgick\u00fdch textoch.\n<strong>Katech\u00e9za pre dospel\u00fdch, detsk\u00e1 om\u0161a, birmovanci<\/strong>\nV\u00a0utorok po sv. om\u0161i bud\u00fa katech\u00e9zy pre dospel\u00fdch. V\u00a0stredu bude detsk\u00e1 sv. om\u0161a. V\u00a0piatok bude spolo\u010dn\u00e9 stretnutie a\u00a0katech\u00e9za birmovancov, ktor\u00e9 sa za\u010dne sv. om\u0161ou o\u00a018.00h.\n<strong>\u00dapln\u00e9 odpustky<\/strong>\nVeriaci, ktor\u00fd sa na sl\u00e1vnos\u0165 najsv. Srdca Je\u017ei\u0161ovho z\u00fa\u010dastn\u00ed na verejnom recitovan\u00ed modlitby <em>Najmil\u0161\u00ed Je\u017ei\u0161u<\/em>, m\u00f4\u017ee za obvykl\u00fdch podmienok z\u00edska\u0165 \u00fapln\u00e9 odpustky. Na n\u00e1stenke n\u00e1jdete aj dekr\u00e9t o\u00a0udelen\u00ed odpustkov za modlitbu Korunky k\u00a0Bo\u017eiemu milosrdenstvu.\n<strong>Zbierka<\/strong>\nNa bud\u00facu nede\u013eu je zbierka na dobro\u010dinn\u00e9 diela Sv\u00e4t\u00e9ho Otca.\n<strong>Te Deum na konci \u0161kolsk\u00e9ho roka a\u00a0bodka za \u0161kolsk\u00fdm rokom<\/strong>\nNa bud\u00faci \u0161tvrtok na sl\u00e1vnos\u0165 sv. Petra a Pavla poz\u00fdvame v\u0161etky deti, \u0161kol\u00e1kov, \u0161tudentov i u\u010dite\u013eov na sl\u00e1vnostn\u00e9 zakon\u010denie \u0161kolsk\u00e9ho roka spevom Te Deum. Po sv. om\u0161i by bolo agap\u00e9 vo forme grilova\u010dky spojenej s\u00a0aktivitami eRka pre deti. Poz\u00fdvame v\u0161etk\u00fdch, mlad\u00fdch i star\u0161\u00edch.\n&nbsp;\n&nbsp;\n&nbsp;]]>\t\t<\/p>\n","protected":false},"excerpt":{"rendered":"<p>\t\t\t\t<![CDATA[\u00a0<br \/>]]>\t\t<\/p>\n","protected":false},"author":2,"featured_media":0,"comment_status":"closed","ping_status":"closed","sticky":false,"template":"","format":"standard","meta":{"footnotes":""},"categories":[11],"tags":[],"_links":{"self":[{"href":"https:\/\/svatarodina.fara.sk\/index.php?rest_route=\/wp\/v2\/posts\/3945"}],"collection":[{"href":"https:\/\/svatarodina.fara.sk\/index.php?rest_route=\/wp\/v2\/posts"}],"about":[{"href":"https:\/\/svatarodina.fara.sk\/index.php?rest_route=\/wp\/v2\/types\/post"}],"author":[{"embeddable":true,"href":"https:\/\/svatarodina.fara.sk\/index.php?rest_route=\/wp\/v2\/users\/2"}],"replies":[{"embeddable":true,"href":"https:\/\/svatarodina.fara.sk\/index.php?rest_route=%2Fwp%2Fv2%2Fcomments&post=3945"}],"version-history":[{"count":0,"href":"https:\/\/svatarodina.fara.sk\/index.php?rest_route=\/wp\/v2\/posts\/3945\/revisions"}],"wp:attachment":[{"href":"https:\/\/svatarodina.fara.sk\/index.php?rest_route=%2Fwp%2Fv2%2Fmedia&parent=3945"}],"wp:term":[{"taxonomy":"category","embeddable":true,"href":"https:\/\/svatarodina.fara.sk\/index.php?rest_route=%2Fwp%2Fv2%2Fcategories&post=3945"},{"taxonomy":"post_tag","embeddable":true,"href":"https:\/\/svatarodina.fara.sk\/index.php?rest_route=%2Fwp%2Fv2%2Ftags&post=3945"}],"curies":[{"name":"wp","href":"https:\/\/api.w.org\/{rel}","templated":true}]}}