{"id":3949,"date":"2017-06-26T10:59:24","date_gmt":"2017-06-26T09:59:24","guid":{"rendered":"http:\/\/fara.sk\/svatarodina\/?p=3949"},"modified":"2017-06-26T10:59:24","modified_gmt":"2017-06-26T09:59:24","slug":"aktualne-farske-oznamy-12-cezrocna-nedela-25-06-2017","status":"publish","type":"post","link":"https:\/\/svatarodina.fara.sk\/?p=3949","title":{"rendered":"Farsk\u00e9 oznamy (12. cezro\u010dn\u00e1 nede\u013ea, 25.06.2017)"},"content":{"rendered":"<p>\t\t\t\t<![CDATA[\n\n<h2>\u00a0<strong>\u00a0<\/strong><\/h2>\n\n\n\n\n<table width=\"512\">\n\n\n<tbody>\n\n\n<tr>\n\n\n<td colspan=\"2\" width=\"214\">\n\n\n<h1><strong>Liturgick\u00fd kalend\u00e1r<\/strong><\/h1>\n\n\n<\/td>\n\n\n\n\n<td colspan=\"3\" width=\"298\">\n\n\n<h2>\u00damysly<\/h2>\n\n\n<\/td>\n\n\n<\/tr>\n\n\n\n\n<tr>\n\n\n<td rowspan=\"4\" width=\"72\">\n\n\n<h1>Nede\u013ea<\/h1>\n\n\n25.6.<\/td>\n\n\n\n\n<td rowspan=\"4\" width=\"142\"><strong>12. NEDE\u013dA v\u00a0cezro\u010dnom obdob\u00ed<\/strong><\/td>\n\n\n\n\n<td width=\"43\">7.30<\/td>\n\n\n\n\n<td width=\"21\"><strong>JV<\/strong><\/td>\n\n\n\n\n<td width=\"234\">+ rodi\u010dia<\/td>\n\n\n<\/tr>\n\n\n\n\n<tr>\n\n\n<td width=\"43\">9.00<\/td>\n\n\n\n\n<td width=\"21\"><strong>A\u0160<\/strong><\/td>\n\n\n\n\n<td width=\"234\">za obr\u00e1tenie pre Juraja<\/td>\n\n\n<\/tr>\n\n\n\n\n<tr>\n\n\n<td width=\"43\">10.30<\/td>\n\n\n\n\n<td width=\"21\"><strong>JV<\/strong><\/td>\n\n\n\n\n<td width=\"234\">za farn\u00edkov<\/td>\n\n\n<\/tr>\n\n\n\n\n<tr>\n\n\n<td width=\"43\">18.00<\/td>\n\n\n\n\n<td width=\"21\"><strong>A\u0160<\/strong><\/td>\n\n\n\n\n<td width=\"234\">+ Vojtech a Tom\u00e1\u0161<\/td>\n\n\n<\/tr>\n\n\n\n\n<tr>\n\n\n<td rowspan=\"2\" width=\"72\">\n\n\n<h1>Pondelok<\/h1>\n\n\n26.6.<\/td>\n\n\n\n\n<td rowspan=\"2\" width=\"142\"><em>\u00a0<\/em><\/td>\n\n\n\n\n<td width=\"43\">7.00<\/td>\n\n\n\n\n<td width=\"21\"><strong>A\u0160<\/strong><\/td>\n\n\n\n\n<td width=\"234\">+ man\u017eelka Marta<\/td>\n\n\n<\/tr>\n\n\n\n\n<tr>\n\n\n<td width=\"43\">18.00<\/td>\n\n\n\n\n<td width=\"21\"><strong>JV<\/strong><\/td>\n\n\n\n\n<td width=\"234\">za Bo\u017eie po\u017eehnanie pre Annu a Martina<\/td>\n\n\n<\/tr>\n\n\n\n\n<tr>\n\n\n<td rowspan=\"2\" width=\"72\"><strong>Utorok<\/strong>\n27.6.<\/td>\n\n\n\n\n<td rowspan=\"2\" width=\"142\"><em>\u00a0<\/em><\/td>\n\n\n\n\n<td width=\"43\">7.00<\/td>\n\n\n\n\n<td width=\"21\"><strong>A\u0160<\/strong><\/td>\n\n\n\n\n<td width=\"234\">za zdravie a\u00a0Bo\u017eie po\u017eehnanie pre rodinu<\/td>\n\n\n<\/tr>\n\n\n\n\n<tr>\n\n\n<td width=\"43\">18.00<\/td>\n\n\n\n\n<td width=\"21\"><strong>JV<\/strong><\/td>\n\n\n\n\n<td width=\"234\">+ man\u017eel Ladislav, otec Ladislav a\u00a0rodi\u010dia<\/td>\n\n\n<\/tr>\n\n\n\n\n<tr>\n\n\n<td rowspan=\"2\" width=\"72\"><strong>Streda<\/strong>\n28.6.<\/td>\n\n\n\n\n<td rowspan=\"2\" width=\"142\"><em>Sv. Ireneja, biskupa a\u00a0mu\u010den\u00edka, spomienka<\/em><\/td>\n\n\n\n\n<td width=\"43\">7.00<\/td>\n\n\n\n\n<td width=\"21\"><strong>JV<\/strong><\/td>\n\n\n\n\n<td width=\"234\">za du\u0161e v\u00a0o\u010distci<\/td>\n\n\n<\/tr>\n\n\n\n\n<tr>\n\n\n<td width=\"43\">18.00<\/td>\n\n\n\n\n<td width=\"21\"><strong>A\u0160<\/strong><\/td>\n\n\n\n\n<td width=\"234\">+ rodi\u010dia<\/td>\n\n\n<\/tr>\n\n\n\n\n<tr>\n\n\n<td rowspan=\"2\" width=\"72\"><strong>\u0160tvrtok<\/strong>\n29.6.<\/td>\n\n\n\n\n<td rowspan=\"2\" width=\"142\"><em>Sv. Petra a\u00a0Pavla, apo\u0161tolov, sl\u00e1vnos\u0165<\/em><\/td>\n\n\n\n\n<td width=\"43\">7.00<\/td>\n\n\n\n\n<td width=\"21\"><strong>A\u0160<\/strong><\/td>\n\n\n\n\n<td width=\"234\">za obr\u00e1tenie brata s\u00a0rodinou<\/td>\n\n\n<\/tr>\n\n\n\n\n<tr>\n\n\n<td width=\"43\">18.00<\/td>\n\n\n\n\n<td width=\"21\"><strong>JV<\/strong><\/td>\n\n\n\n\n<td width=\"234\">za farn\u00edkov<\/td>\n\n\n<\/tr>\n\n\n\n\n<tr>\n\n\n<td rowspan=\"2\" width=\"72\">\n\n\n<h1>Piatok<\/h1>\n\n\n30.6.<\/td>\n\n\n\n\n<td rowspan=\"2\" width=\"142\"><em>Prv\u00fdch sv. mu\u010den\u00edkov v\u00a0R\u00edme, \u013eub. spom.<\/em><\/td>\n\n\n\n\n<td width=\"43\">7.00<\/td>\n\n\n\n\n<td width=\"21\"><strong>JV<\/strong><\/td>\n\n\n\n\n<td width=\"234\">za zdravie a\u00a0Bo\u017eie po\u017eehnanie pre Milana<\/td>\n\n\n<\/tr>\n\n\n\n\n<tr>\n\n\n<td width=\"43\">18.00<\/td>\n\n\n\n\n<td width=\"21\"><strong>A\u0160<\/strong><\/td>\n\n\n\n\n<td width=\"234\">+ rodi\u010dia Jozef a\u00a0Al\u017ebeta, man\u017eel a\u00a0\u0161vagor<\/td>\n\n\n<\/tr>\n\n\n\n\n<tr>\n\n\n<td rowspan=\"2\" width=\"72\">\n\n\n<h1>Sobota<\/h1>\n\n\n1.7.<\/td>\n\n\n\n\n<td rowspan=\"2\" width=\"142\"><em>\u00a0<\/em><\/td>\n\n\n\n\n<td width=\"43\">8.00<\/td>\n\n\n\n\n<td width=\"21\"><strong>JV<\/strong><\/td>\n\n\n\n\n<td width=\"234\">za \u010dlenov Ru\u017eencov\u00e9ho bratstva<\/td>\n\n\n<\/tr>\n\n\n\n\n<tr>\n\n\n<td width=\"43\"><\/td>\n\n\n\n\n<td width=\"21\"><strong>\u00a0<\/strong><\/td>\n\n\n\n\n<td width=\"234\"><\/td>\n\n\n<\/tr>\n\n\n\n\n<tr>\n\n\n<td rowspan=\"3\" width=\"72\">\n\n\n<h1>Nede\u013ea<\/h1>\n\n\n2.7.<\/td>\n\n\n\n\n<td rowspan=\"3\" width=\"142\"><strong>V\u00fdro\u010die posviacky chr\u00e1mu<\/strong><\/td>\n\n\n\n\n<td width=\"43\">7.30<\/td>\n\n\n\n\n<td width=\"21\"><strong>A\u0160<\/strong><\/td>\n\n\n\n\n<td width=\"234\">za zdravie a\u00a0Bo\u017eiu pomoc pre rodinu<\/td>\n\n\n<\/tr>\n\n\n\n\n<tr>\n\n\n<td width=\"43\">9.00<\/td>\n\n\n\n\n<td width=\"21\"><strong>RD<\/strong><\/td>\n\n\n\n\n<td width=\"234\">za farn\u00edkov<\/td>\n\n\n<\/tr>\n\n\n\n\n<tr>\n\n\n<td width=\"43\">18.00<\/td>\n\n\n\n\n<td width=\"21\"><strong>JV<\/strong><\/td>\n\n\n\n\n<td width=\"234\">+ J\u00e1n, jeho rodi\u010dia a\u00a0star\u00ed rodi\u010dia<\/td>\n\n\n<\/tr>\n\n\n<\/tbody>\n\n\n<\/table>\n\n\n<em>Inici\u00e1lky: JV \u2013 o. Juraj Vittek, A\u0160 \u2013 o. Andrej \u0160ottn\u00edk, RD \u2013 Rastislav Dluh\u00fd, CSsR<\/em>\n<strong><em>\u00a0<\/em><\/strong>\n<strong>\u00a0<\/strong>\n<strong>Nov\u00fd projekt s\u00a0p. Markom Rupnikom na na\u0161om kostole<\/strong>\nNa sviatok Bo\u017esk\u00e9ho Srdca n\u00e1s nav\u0161t\u00edvil svetozn\u00e1my umelec a\u00a0teol\u00f3g z\u00a0R\u00edma, p\u00e1ter Marko Rupnik, jezuitsk\u00fd p\u00e1ter, ktor\u00fd robil napr\u00edklad aj p\u00e1pe\u017esk\u00fa kaplnku Redemptoris Mater v\u00a0R\u00edme. Ukazuj\u00fa s\u00fa dobr\u00e9 n\u00e1deje, \u017ee sa pust\u00edme spolo\u010dne do nie\u010doho pekn\u00e9ho a\u00a0ve\u013ek\u00e9ho v\u00a0na\u0161om kostole. P\u00e1ter Rupnik pris\u013e\u00fabil \u010fal\u0161iu n\u00e1v\u0161tevu u\u017e v\u00a0okt\u00f3bri a\u00a0predbe\u017ene s\u00fahlasil so spolupr\u00e1cou pri komplexnom rie\u0161en\u00ed interi\u00e9ru n\u00e1\u0161ho kostola Sv\u00e4tej rodiny. \u010eal\u0161ie inform\u00e1cie v\u00e1m pod\u00e1me postupne. U\u017e teraz pros\u00edme o\u00a0modlitby a\u00a0podporu.\n<strong>Zbierka<\/strong>\nDnes je zbierka na dobro\u010dinn\u00e9 diela Sv\u00e4t\u00e9ho Otca.\n<strong>Stretnutie ru\u017eencov\u00e9ho bratstva<\/strong>\nRB oznamuje, \u017ee v\u00a0sobotu 1. j\u00fala 2017 o\u00a07.30h bude stretnutie \u010dlenov ru\u017eencov\u00e9ho bratstva. Za\u010dne sa modlitbou sv. ru\u017eenca o\u00a07.30h a\u00a0po \u0148om o\u00a08.00h bude sv\u00e4t\u00e1 om\u0161a.\n<strong>Prik\u00e1zan\u00fd sviatok<\/strong>\nVo \u0161tvrtok je prik\u00e1zan\u00fd sviatok sv. apo\u0161tolov Petra a Pavla. Povinnosti z\u00fa\u010dastni\u0165 sa na celej sv. om\u0161i m\u00f4\u017eete zados\u0165u\u010dini\u0165 u\u017e v\u00a0stredu ve\u010der.\n<strong>Te Deum na konci \u0161kolsk\u00e9ho roka a\u00a0bodka za \u0161kolsk\u00fdm rokom<\/strong>\nVo \u0161tvrtok, na sl\u00e1vnos\u0165 sv. Petra a Pavla, poz\u00fdvame v\u0161etky deti, \u0161kol\u00e1kov, \u0161tudentov i u\u010dite\u013eov na sl\u00e1vnostn\u00e9 zakon\u010denie \u0161kolsk\u00e9ho roka spevom Te Deum. Po sv. om\u0161i bude agap\u00e9 vo forme grilova\u010dky spojenej s\u00a0aktivitami pre deti. Poz\u00fdvame v\u0161etk\u00fdch, mlad\u00fdch i star\u0161\u00edch.\n<strong>Zmena sv. om\u0161\u00ed i\u00a0\u00faradn\u00fdch hod\u00edn v\u00a0priebehu pr\u00e1zdnin<\/strong>\nOd 2. j\u00fala bude zmena bohoslu\u017eobn\u00e9ho poriadku. Sv\u00e4t\u00e9 om\u0161e cez t\u00fd\u017ede\u0148 od pondelka do piatku bud\u00fa len ve\u010der o\u00a018.00 a\u00a0utorok bude len r\u00e1no o\u00a07.00 hod. V\u00a0sobotu bude sv. om\u0161a ako zvy\u010dajne o\u00a07.30. V\u00a0nede\u013eu bud\u00fa sv\u00e4t\u00e9 om\u0161e o\u00a07.45, 9.00, 18.00 hod. \u00daradn\u00e9 hodiny bud\u00fa v\u00a0pondelok od 16.00 \u2013 17.30 hod.\n<strong>Oble\u010denie v kostole<\/strong>\nPrich\u00e1dzaj\u00face letn\u00e9 mesiace a\u00a0hor\u00face dni n\u00e1s \u013eud\u00ed ved\u00fa k\u00a0prisp\u00f4sobeniu svojho oble\u010denia. Pri\u00a0jeho v\u00fdbere by \u010dlovek nemal by\u0165 \u013eahostajn\u00fdm vo\u010di posv\u00e4tn\u00e9mu priestoru. Chceme preto povzbudi\u0165 v\u0161etk\u00fdch farn\u00edkov a\u00a0farn\u00ed\u010dky, aby pam\u00e4tali pri v\u00fdbere oble\u010denia na sv. om\u0161u na re\u00e1lnu pr\u00edtomnos\u0165 Krista v\u00a0Sviatosti Olt\u00e1rnej a\u00a0z\u00a0\u00facty k\u00a0P\u00e1novi sa vyhli neprimerane kr\u00e1tkym a\u00a0vyz\u00fdvav\u00fdm odevom, pl\u00e1\u017eovej \u010di rekrea\u010dnej obuvi.\n<strong>BA\u0160<\/strong>\nMlad\u00fdm z farnost\u00ed Bratislavskej arcidiec\u00e9zy, ktor\u00ed t\u00fa\u017eia pracova\u0165 na sebe a sl\u00fa\u017ei\u0165, oznamujeme, \u017ee sa otv\u00e1ra na nov\u00fd ro\u010dn\u00edk BA\u0160ky &#8211; Bratislavskej anim\u00e1torskej \u0161koly. Prihl\u00e1si\u0165 sa d\u00e1 do 16. j\u00fala prostredn\u00edctvom str\u00e1nky\u00a0<a href=\"http:\/\/www.mladezba.sk\/\">www.mladezba.sk<\/a>, kde je aj viac inform\u00e1ci\u00ed o tomto programe, cez ktor\u00fd v na\u0161ej arcidiec\u00e9ze u\u017e pre\u0161lo za 8 rokov vy\u0161e 200 mlad\u00fdch.\n<strong>Cyrilometodsk\u00e9 sl\u00e1vnosti v\u00a0Kop\u010danoch<\/strong>\nPoz\u00fdvame veriacich na sl\u00e1vnos\u0165\u00a0<em>Cyrilometodsk\u00e1 ratoles\u0165<\/em>, ktor\u00e1 sa bude kona\u0165 v nede\u013eu 2. j\u00fala 2017 pri kostole sv. Margity Antiochijskej v Kop\u010danoch. O 15.00 hod. bude spolo\u010dn\u00e1 modlitba Korunky\u00a0Bo\u017eieho milosrdenstva a o 15.30 hod. za\u010dne sv\u00e4t\u00e1 om\u0161a, ktorej hlavn\u00fdm celebrantom bude bratislavsk\u00fd arcibiskup Mons. Stanislav Zvolensk\u00fd.\n&nbsp;]]>\t\t<\/p>\n","protected":false},"excerpt":{"rendered":"<p>\t\t\t\t<![CDATA[\u00a0\u00a0<br \/>]]>\t\t<\/p>\n","protected":false},"author":2,"featured_media":0,"comment_status":"closed","ping_status":"closed","sticky":false,"template":"","format":"standard","meta":{"footnotes":""},"categories":[11],"tags":[],"_links":{"self":[{"href":"https:\/\/svatarodina.fara.sk\/index.php?rest_route=\/wp\/v2\/posts\/3949"}],"collection":[{"href":"https:\/\/svatarodina.fara.sk\/index.php?rest_route=\/wp\/v2\/posts"}],"about":[{"href":"https:\/\/svatarodina.fara.sk\/index.php?rest_route=\/wp\/v2\/types\/post"}],"author":[{"embeddable":true,"href":"https:\/\/svatarodina.fara.sk\/index.php?rest_route=\/wp\/v2\/users\/2"}],"replies":[{"embeddable":true,"href":"https:\/\/svatarodina.fara.sk\/index.php?rest_route=%2Fwp%2Fv2%2Fcomments&post=3949"}],"version-history":[{"count":0,"href":"https:\/\/svatarodina.fara.sk\/index.php?rest_route=\/wp\/v2\/posts\/3949\/revisions"}],"wp:attachment":[{"href":"https:\/\/svatarodina.fara.sk\/index.php?rest_route=%2Fwp%2Fv2%2Fmedia&parent=3949"}],"wp:term":[{"taxonomy":"category","embeddable":true,"href":"https:\/\/svatarodina.fara.sk\/index.php?rest_route=%2Fwp%2Fv2%2Fcategories&post=3949"},{"taxonomy":"post_tag","embeddable":true,"href":"https:\/\/svatarodina.fara.sk\/index.php?rest_route=%2Fwp%2Fv2%2Ftags&post=3949"}],"curies":[{"name":"wp","href":"https:\/\/api.w.org\/{rel}","templated":true}]}}