{"id":3961,"date":"2017-07-04T21:47:22","date_gmt":"2017-07-04T20:47:22","guid":{"rendered":"http:\/\/fara.sk\/svatarodina\/?p=3961"},"modified":"2017-07-04T21:47:22","modified_gmt":"2017-07-04T20:47:22","slug":"aktualne-oznamy-2-7-2017-13-cezrocna-nedela","status":"publish","type":"post","link":"https:\/\/svatarodina.fara.sk\/?p=3961","title":{"rendered":"Farsk\u00e9 oznamy (2.7.2017, 13. cezro\u010dn\u00e1 nede\u013ea)"},"content":{"rendered":"<p>\t\t\t\t<![CDATA[\n\n<h2>\u00a0<strong>\u00a0<\/strong><\/h2>\n\n\n\n\n<table width=\"512\">\n\n\n<tbody>\n\n\n<tr>\n\n\n<td colspan=\"2\" width=\"214\">\n\n\n<h1><strong>Liturgick\u00fd kalend\u00e1r<\/strong><\/h1>\n\n\n<\/td>\n\n\n\n\n<td colspan=\"3\" width=\"298\">\n\n\n<h2>\u00damysly<\/h2>\n\n\n<\/td>\n\n\n<\/tr>\n\n\n\n\n<tr>\n\n\n<td rowspan=\"3\" width=\"72\">\n\n\n<h1>Nede\u013ea<\/h1>\n\n\n2.7.<\/td>\n\n\n\n\n<td rowspan=\"3\" width=\"142\"><strong>V\u00fdro\u010die posviacky chr\u00e1mu<\/strong><\/td>\n\n\n\n\n<td width=\"43\">7.30<\/td>\n\n\n\n\n<td width=\"21\"><strong>A\u0160<\/strong><\/td>\n\n\n\n\n<td width=\"234\">za zdravie a\u00a0Bo\u017eiu pomoc pre rodinu<\/td>\n\n\n<\/tr>\n\n\n\n\n<tr>\n\n\n<td width=\"43\">9.00<\/td>\n\n\n\n\n<td width=\"21\"><strong>RD<\/strong><\/td>\n\n\n\n\n<td width=\"234\">za farn\u00edkov<\/td>\n\n\n<\/tr>\n\n\n\n\n<tr>\n\n\n<td width=\"43\">18.00<\/td>\n\n\n\n\n<td width=\"21\"><strong>JV<\/strong><\/td>\n\n\n\n\n<td width=\"234\">+ J\u00e1n, jeho rodi\u010dia a\u00a0star\u00ed rodi\u010dia<\/td>\n\n\n<\/tr>\n\n\n\n\n<tr>\n\n\n<td rowspan=\"2\" width=\"72\">\n\n\n<h1>Pondelok<\/h1>\n\n\n3.7.<\/td>\n\n\n\n\n<td rowspan=\"2\" width=\"142\"><em>Sv. Tom\u00e1\u0161a, apo\u0161tola, sviatok<\/em><\/td>\n\n\n\n\n<td width=\"43\"><\/td>\n\n\n\n\n<td width=\"21\"><strong>\u00a0<\/strong><\/td>\n\n\n\n\n<td width=\"234\"><\/td>\n\n\n<\/tr>\n\n\n\n\n<tr>\n\n\n<td width=\"43\">18.00<\/td>\n\n\n\n\n<td width=\"21\"><strong>A\u0160<\/strong><\/td>\n\n\n\n\n<td width=\"234\">+ mama Marta a\u00a0brat Maro\u0161<\/td>\n\n\n<\/tr>\n\n\n\n\n<tr>\n\n\n<td rowspan=\"2\" width=\"72\"><strong>Utorok<\/strong>\n4.7.<\/td>\n\n\n\n\n<td rowspan=\"2\" width=\"142\"><em>\u00a0<\/em><\/td>\n\n\n\n\n<td width=\"43\">7.00<\/td>\n\n\n\n\n<td width=\"21\"><strong>A\u0160<\/strong><\/td>\n\n\n\n\n<td width=\"234\">+ J\u00falia, J\u00e1n, \u0160arlota a\u00a0rodi\u010dia z\u00a0oboch str\u00e1n<\/td>\n\n\n<\/tr>\n\n\n\n\n<tr>\n\n\n<td width=\"43\"><\/td>\n\n\n\n\n<td width=\"21\"><strong>\u00a0<\/strong><\/td>\n\n\n\n\n<td width=\"234\"><\/td>\n\n\n<\/tr>\n\n\n\n\n<tr>\n\n\n<td rowspan=\"3\" width=\"72\"><strong>Streda<\/strong>\n5.7.<\/td>\n\n\n\n\n<td rowspan=\"3\" width=\"142\"><em>Sv. Cyrila a\u00a0Metoda, slovansk\u00fdch vierozvestov, sl\u00e1vnos\u0165<\/em><\/td>\n\n\n\n\n<td width=\"43\"><\/td>\n\n\n\n\n<td width=\"21\"><strong>\u00a0<\/strong><\/td>\n\n\n\n\n<td width=\"234\"><\/td>\n\n\n<\/tr>\n\n\n\n\n<tr>\n\n\n<td width=\"43\">9.00<\/td>\n\n\n\n\n<td width=\"21\"><strong>MK<\/strong><\/td>\n\n\n\n\n<td width=\"234\">za zdravie a\u00a0Bo\u017eiu pomoc pre otca a\u00a0mamu<\/td>\n\n\n<\/tr>\n\n\n\n\n<tr>\n\n\n<td width=\"43\">18.00<\/td>\n\n\n\n\n<td width=\"21\"><strong>A\u0160<\/strong><\/td>\n\n\n\n\n<td width=\"234\">+ man\u017eel Cyril a\u00a0jeho rodi\u010dia<\/td>\n\n\n<\/tr>\n\n\n\n\n<tr>\n\n\n<td rowspan=\"2\" width=\"72\"><strong>\u0160tvrtok<\/strong>\n6.7.<\/td>\n\n\n\n\n<td rowspan=\"2\" width=\"142\"><em>Sv. M\u00e1rie Goretti, panny a\u00a0mu\u010denice, \u013eub. spom.<\/em><\/td>\n\n\n\n\n<td width=\"43\"><\/td>\n\n\n\n\n<td width=\"21\"><strong>\u00a0<\/strong><\/td>\n\n\n\n\n<td width=\"234\"><\/td>\n\n\n<\/tr>\n\n\n\n\n<tr>\n\n\n<td width=\"43\">18.00<\/td>\n\n\n\n\n<td width=\"21\"><strong>A\u0160<\/strong><\/td>\n\n\n\n\n<td width=\"234\">+ Emil<\/td>\n\n\n<\/tr>\n\n\n\n\n<tr>\n\n\n<td rowspan=\"2\" width=\"72\">\n\n\n<h1>Piatok<\/h1>\n\n\n7.7.<\/td>\n\n\n\n\n<td rowspan=\"2\" width=\"142\"><em>\u00a0<\/em><\/td>\n\n\n\n\n<td width=\"43\"><\/td>\n\n\n\n\n<td width=\"21\"><strong>\u00a0<\/strong><\/td>\n\n\n\n\n<td width=\"234\"><\/td>\n\n\n<\/tr>\n\n\n\n\n<tr>\n\n\n<td width=\"43\">18.00<\/td>\n\n\n\n\n<td width=\"21\"><strong>JV<\/strong><\/td>\n\n\n\n\n<td width=\"234\">+ man\u017eel Pavol a\u00a0jeho rodi\u010dia<\/td>\n\n\n<\/tr>\n\n\n\n\n<tr>\n\n\n<td rowspan=\"2\" width=\"72\">\n\n\n<h1>Sobota<\/h1>\n\n\n8.7.<\/td>\n\n\n\n\n<td rowspan=\"2\" width=\"142\"><em>\u00a0<\/em><\/td>\n\n\n\n\n<td width=\"43\">7.30<\/td>\n\n\n\n\n<td width=\"21\"><strong>JV<\/strong><\/td>\n\n\n\n\n<td width=\"234\">za zdravie a\u00a0Bo\u017eiu pomoc pre rodinu<\/td>\n\n\n<\/tr>\n\n\n\n\n<tr>\n\n\n<td width=\"43\"><\/td>\n\n\n\n\n<td width=\"21\"><strong>\u00a0<\/strong><\/td>\n\n\n\n\n<td width=\"234\"><\/td>\n\n\n<\/tr>\n\n\n\n\n<tr>\n\n\n<td rowspan=\"3\" width=\"72\">\n\n\n<h1>Nede\u013ea<\/h1>\n\n\n9.7.<\/td>\n\n\n\n\n<td rowspan=\"3\" width=\"142\"><strong>14. Nede\u013ea v\u00a0cezro\u010dnom obdob\u00ed<\/strong><\/td>\n\n\n\n\n<td width=\"43\">7.30<\/td>\n\n\n\n\n<td width=\"21\"><strong>JV<\/strong><\/td>\n\n\n\n\n<td width=\"234\">+ Alexander a\u00a0Jozef<\/td>\n\n\n<\/tr>\n\n\n\n\n<tr>\n\n\n<td width=\"43\">9.00<\/td>\n\n\n\n\n<td width=\"21\"><strong>A\u0160<\/strong><\/td>\n\n\n\n\n<td width=\"234\">za farn\u00edkov<\/td>\n\n\n<\/tr>\n\n\n\n\n<tr>\n\n\n<td width=\"43\">18.00<\/td>\n\n\n\n\n<td width=\"21\"><strong>JV<\/strong><\/td>\n\n\n\n\n<td width=\"234\">+ rodi\u010dia Irena, Franti\u0161ek a\u00a0ich rodi\u010dia<\/td>\n\n\n<\/tr>\n\n\n<\/tbody>\n\n\n<\/table>\n\n\n<em>Inici\u00e1lky: JV \u2013 o. Juraj Vittek, A\u0160 \u2013 o. Andrej \u0160ottn\u00edk, RD \u2013 P. Rastislav Dluh\u00fd, CSsR, MK &#8211; vdp. Martin Kramara<\/em><strong>\u00a0<\/strong>\n<strong>Katech\u00e9zy pre dospel\u00fdch<\/strong>\nVzh\u013eadom na z\u00e1ujem, bud\u00fa b\u00fdva\u0165 katech\u00e9zy pre dospel\u00fdch s\u00a0otcom Jurajom Vittekom aj po\u010das leta. Katech\u00e9za bude v\u017edy ohl\u00e1sen\u00e1 v\u00a0nede\u013en\u00fdch oznamoch. Tento t\u00fd\u017ede\u0148 bude katech\u00e9za vo \u0161tvrtok po sv. om\u0161i. Skupina otca Andreja m\u00e1 pr\u00e1zdniny.\n<strong>Zmena sv. om\u0161\u00ed i\u00a0\u00faradn\u00fdch hod\u00edn v\u00a0priebehu pr\u00e1zdnin<\/strong>\nOd 2. j\u00fala bude zmena bohoslu\u017eobn\u00e9ho poriadku. Sv\u00e4t\u00e9 om\u0161e cez t\u00fd\u017ede\u0148 od pondelka do piatku bud\u00fa len ve\u010der o\u00a018.00 a\u00a0utorok bude len r\u00e1no o\u00a07.00 hod. V\u00a0sobotu bude sv. om\u0161a ako zvy\u010dajne o\u00a07.30. V\u00a0nede\u013eu bud\u00fa sv\u00e4t\u00e9 om\u0161e o\u00a07.30, 9.00, 18.00 hod. \u00daradn\u00e9 hodiny bud\u00fa v\u00a0pondelok od 16.00 \u2013 17.30 hod.\n<strong>Cyrilometodsk\u00e9 sl\u00e1vnosti v\u00a0Kop\u010danoch<\/strong>\nPoz\u00fdvame veriacich na sl\u00e1vnos\u0165\u00a0<em>Cyrilometodsk\u00e1 ratoles\u0165<\/em>, ktor\u00e1 sa bude kona\u0165 dnes pri kostole sv. Margity Antiochijskej v Kop\u010danoch. O 15.00 hod. bude spolo\u010dn\u00e1 modlitba Korunky\u00a0Bo\u017eieho milosrdenstva a o 15.30 hod. za\u010dne sv\u00e4t\u00e1 om\u0161a, ktorej hlavn\u00fdm celebrantom bude bratislavsk\u00fd arcibiskup Mons. Stanislav Zvolensk\u00fd.\n<strong>Priv\u00edtanie nov\u00e9ho k\u0148aza vo farnosti<\/strong>\nNa sl\u00e1vnos\u0165 sv. Cyrila a Metoda na rozhlasovej sv. om\u0161i o 9.00h priv\u00edtame nov\u00e9ho v\u00fdpomocn\u00e9ho duchovn\u00e9ho v\u00a0na\u0161ej farnosti, vdp. Martina Kramaru.\n&nbsp;]]>\t\t<\/p>\n","protected":false},"excerpt":{"rendered":"<p>\t\t\t\t<![CDATA[\u00a0\u00a0<br \/>]]>\t\t<\/p>\n","protected":false},"author":2,"featured_media":0,"comment_status":"closed","ping_status":"closed","sticky":false,"template":"","format":"standard","meta":{"footnotes":""},"categories":[11],"tags":[],"_links":{"self":[{"href":"https:\/\/svatarodina.fara.sk\/index.php?rest_route=\/wp\/v2\/posts\/3961"}],"collection":[{"href":"https:\/\/svatarodina.fara.sk\/index.php?rest_route=\/wp\/v2\/posts"}],"about":[{"href":"https:\/\/svatarodina.fara.sk\/index.php?rest_route=\/wp\/v2\/types\/post"}],"author":[{"embeddable":true,"href":"https:\/\/svatarodina.fara.sk\/index.php?rest_route=\/wp\/v2\/users\/2"}],"replies":[{"embeddable":true,"href":"https:\/\/svatarodina.fara.sk\/index.php?rest_route=%2Fwp%2Fv2%2Fcomments&post=3961"}],"version-history":[{"count":0,"href":"https:\/\/svatarodina.fara.sk\/index.php?rest_route=\/wp\/v2\/posts\/3961\/revisions"}],"wp:attachment":[{"href":"https:\/\/svatarodina.fara.sk\/index.php?rest_route=%2Fwp%2Fv2%2Fmedia&parent=3961"}],"wp:term":[{"taxonomy":"category","embeddable":true,"href":"https:\/\/svatarodina.fara.sk\/index.php?rest_route=%2Fwp%2Fv2%2Fcategories&post=3961"},{"taxonomy":"post_tag","embeddable":true,"href":"https:\/\/svatarodina.fara.sk\/index.php?rest_route=%2Fwp%2Fv2%2Ftags&post=3961"}],"curies":[{"name":"wp","href":"https:\/\/api.w.org\/{rel}","templated":true}]}}