{"id":3966,"date":"2017-07-10T08:47:15","date_gmt":"2017-07-10T07:47:15","guid":{"rendered":"http:\/\/fara.sk\/svatarodina\/?p=3966"},"modified":"2017-07-10T08:47:15","modified_gmt":"2017-07-10T07:47:15","slug":"aktualne-farske-oznamy-9-jul-2017-14-cezrocna-nedela","status":"publish","type":"post","link":"https:\/\/svatarodina.fara.sk\/?p=3966","title":{"rendered":"Farsk\u00e9 oznamy (9. j\u00fal 2017, 14. cezro\u010dn\u00e1 nede\u013ea)"},"content":{"rendered":"<p>\t\t\t\t<![CDATA[\n\n<h2><strong>\u00a0<\/strong><\/h2>\n\n\n\n\n<table width=\"512\">\n\n\n<tbody>\n\n\n<tr>\n\n\n<td colspan=\"2\" width=\"214\">\n\n\n<h1><strong>Liturgick\u00fd kalend\u00e1r<\/strong><\/h1>\n\n\n<\/td>\n\n\n\n\n<td colspan=\"3\" width=\"298\">\n\n\n<h2>\u00damysly<\/h2>\n\n\n<\/td>\n\n\n<\/tr>\n\n\n\n\n<tr>\n\n\n<td rowspan=\"3\" width=\"72\">\n\n\n<h1>Nede\u013ea<\/h1>\n\n\n9.7.<\/td>\n\n\n\n\n<td rowspan=\"3\" width=\"142\"><strong>14. Nede\u013ea v\u00a0cezro\u010dnom obdob\u00ed<\/strong><\/td>\n\n\n\n\n<td width=\"43\">7.30<\/td>\n\n\n\n\n<td width=\"28\"><strong>JV<\/strong><\/td>\n\n\n\n\n<td width=\"227\">+ Alexander a\u00a0Jozef<\/td>\n\n\n<\/tr>\n\n\n\n\n<tr>\n\n\n<td width=\"43\">9.00<\/td>\n\n\n\n\n<td width=\"28\"><strong>A\u0160<\/strong><\/td>\n\n\n\n\n<td width=\"227\">za farn\u00edkov<\/td>\n\n\n<\/tr>\n\n\n\n\n<tr>\n\n\n<td width=\"43\">18.00<\/td>\n\n\n\n\n<td width=\"28\"><strong>JV<\/strong><\/td>\n\n\n\n\n<td width=\"227\">+ rodi\u010dia Irena, Franti\u0161ek a\u00a0ich rodi\u010dia<\/td>\n\n\n<\/tr>\n\n\n\n\n<tr>\n\n\n<td rowspan=\"2\" width=\"72\">\n\n\n<h1>Pondelok<\/h1>\n\n\n10.7.<\/td>\n\n\n\n\n<td rowspan=\"2\" width=\"142\"><em>\u00a0<\/em><\/td>\n\n\n\n\n<td width=\"43\"><\/td>\n\n\n\n\n<td width=\"28\"><strong>\u00a0<\/strong><\/td>\n\n\n\n\n<td width=\"227\"><\/td>\n\n\n<\/tr>\n\n\n\n\n<tr>\n\n\n<td width=\"43\">18.00<\/td>\n\n\n\n\n<td width=\"28\"><strong>A\u0160<\/strong><\/td>\n\n\n\n\n<td width=\"227\">+ rodi\u010dia a\u00a0bratia<\/td>\n\n\n<\/tr>\n\n\n\n\n<tr>\n\n\n<td rowspan=\"2\" width=\"72\"><strong>Utorok<\/strong>\n11.7.<\/td>\n\n\n\n\n<td rowspan=\"2\" width=\"142\"><em>Sv. Benedikta, op\u00e1ta, patr\u00f3na Eur\u00f3py, sviatok<\/em><\/td>\n\n\n\n\n<td width=\"43\">7.00<\/td>\n\n\n\n\n<td width=\"28\"><strong>A\u0160<\/strong><\/td>\n\n\n\n\n<td width=\"227\">+ syn Michal a\u00a0star\u00ed rodi\u010dia<\/td>\n\n\n<\/tr>\n\n\n\n\n<tr>\n\n\n<td width=\"43\"><\/td>\n\n\n\n\n<td width=\"28\"><strong>\u00a0<\/strong><\/td>\n\n\n\n\n<td width=\"227\"><\/td>\n\n\n<\/tr>\n\n\n\n\n<tr>\n\n\n<td rowspan=\"2\" width=\"72\"><strong>Streda<\/strong>\n12.7.<\/td>\n\n\n\n\n<td rowspan=\"2\" width=\"142\"><em>\u00a0<\/em><\/td>\n\n\n\n\n<td width=\"43\"><\/td>\n\n\n\n\n<td width=\"28\"><strong>\u00a0<\/strong><\/td>\n\n\n\n\n<td width=\"227\"><\/td>\n\n\n<\/tr>\n\n\n\n\n<tr>\n\n\n<td width=\"43\">18.00<\/td>\n\n\n\n\n<td width=\"28\"><strong>MK<\/strong><\/td>\n\n\n\n\n<td width=\"227\">+ Miroslav, J\u00e1n, rodi\u010dia a\u00a0star\u00ed rodi\u010dia<\/td>\n\n\n<\/tr>\n\n\n\n\n<tr>\n\n\n<td rowspan=\"2\" width=\"72\"><strong>\u0160tvrtok<\/strong>\n13.7.<\/td>\n\n\n\n\n<td rowspan=\"2\" width=\"142\"><em>\u00a0<\/em><\/td>\n\n\n\n\n<td width=\"43\"><\/td>\n\n\n\n\n<td width=\"28\"><strong>\u00a0<\/strong><\/td>\n\n\n\n\n<td width=\"227\"><\/td>\n\n\n<\/tr>\n\n\n\n\n<tr>\n\n\n<td width=\"43\">18.00<\/td>\n\n\n\n\n<td width=\"28\"><strong>JV<\/strong><\/td>\n\n\n\n\n<td width=\"227\">za zdravie a\u00a0Bo\u017eiu pomoc<\/td>\n\n\n<\/tr>\n\n\n\n\n<tr>\n\n\n<td rowspan=\"2\" width=\"72\">\n\n\n<h1>Piatok<\/h1>\n\n\n14.7.<\/td>\n\n\n\n\n<td rowspan=\"2\" width=\"142\"><em>Sv. Kamila de Lellis, k\u0148aza, \u013eubovo\u013en\u00e1 spomienka<\/em><\/td>\n\n\n\n\n<td width=\"43\"><\/td>\n\n\n\n\n<td width=\"28\"><strong>\u00a0<\/strong><\/td>\n\n\n\n\n<td width=\"227\"><\/td>\n\n\n<\/tr>\n\n\n\n\n<tr>\n\n\n<td width=\"43\">18.00<\/td>\n\n\n\n\n<td width=\"28\"><strong>JV<\/strong><\/td>\n\n\n\n\n<td width=\"227\">+ rodi\u010dia z\u00a0oboch str\u00e1n<\/td>\n\n\n<\/tr>\n\n\n\n\n<tr>\n\n\n<td rowspan=\"2\" width=\"72\">\n\n\n<h1>Sobota<\/h1>\n\n\n15.7.<\/td>\n\n\n\n\n<td rowspan=\"2\" width=\"142\"><em>Sv. Bonavent\u00faru, biskupa a\u00a0u\u010dite\u013ea Cirkvi, spom.<\/em><\/td>\n\n\n\n\n<td width=\"43\">7.30<\/td>\n\n\n\n\n<td width=\"28\"><strong>A\u0160<\/strong><\/td>\n\n\n\n\n<td width=\"227\">za zdravie a\u00a0Bo\u017eiu pomoc pre brata<\/td>\n\n\n<\/tr>\n\n\n\n\n<tr>\n\n\n<td width=\"43\"><\/td>\n\n\n\n\n<td width=\"28\"><strong>\u00a0<\/strong><\/td>\n\n\n\n\n<td width=\"227\"><\/td>\n\n\n<\/tr>\n\n\n\n\n<tr>\n\n\n<td rowspan=\"3\" width=\"72\">\n\n\n<h1>Nede\u013ea<\/h1>\n\n\n16.7.<\/td>\n\n\n\n\n<td rowspan=\"3\" width=\"142\"><strong>15. Nede\u013ea v\u00a0cezro\u010dnom obdob\u00ed<\/strong><\/td>\n\n\n\n\n<td width=\"43\">7.30<\/td>\n\n\n\n\n<td width=\"28\"><strong>A\u0160<\/strong><\/td>\n\n\n\n\n<td width=\"227\">+ Manuel, Killian a\u00a0Enzo<\/td>\n\n\n<\/tr>\n\n\n\n\n<tr>\n\n\n<td width=\"43\">9.00<\/td>\n\n\n\n\n<td width=\"28\"><strong>JV<\/strong><\/td>\n\n\n\n\n<td width=\"227\">za farn\u00edkov<\/td>\n\n\n<\/tr>\n\n\n\n\n<tr>\n\n\n<td width=\"43\">18.00<\/td>\n\n\n\n\n<td width=\"28\"><strong>MK<\/strong><\/td>\n\n\n\n\n<td width=\"227\">za zdravie a\u00a0Bo\u017eie po\u017eehnanie pre M\u00e1riu<\/td>\n\n\n<\/tr>\n\n\n<\/tbody>\n\n\n<\/table>\n\n\n<em>Inici\u00e1lky: JV \u2013 o. Juraj Vittek, A\u0160 \u2013 o. Andrej \u0160ottn\u00edk, MK \u2013 vdp. Martin Kramara<\/em>\n<strong>\u00a0<\/strong>\n<strong>Farsk\u00e1 kni\u017enica<\/strong>\nFarsk\u00e1 kni\u017enica bude po\u010das letn\u00fdch pr\u00e1zdnin zatvoren\u00e1. Pros\u00edme, aby ste knihy, ktor\u00ed ste si vypo\u017ei\u010dali, vr\u00e1tili do kni\u017enice v\u00a0septembri.\n<strong>Sl\u00e1vnos\u0165 Karmelskej Panny M\u00e1rie<\/strong>\nFarnos\u0165 Bratislava \u2013 sv\u00e4tej Al\u017ebety a Svetsk\u00fd r\u00e1d bos\u00fdch karmelit\u00e1nov poz\u00fdvaj\u00fa na sl\u00e1vnos\u0165 Preblahoslavenej Panny M\u00e1rie z Hory Karmel, ktor\u00e1 sa uskuto\u010dn\u00ed 15.j\u00fala 2017 v Modrom kostole. O 17.00 bude ador\u00e1cia a o 18.00 bude sv. om\u0161a.\n<strong>Katech\u00e9za pre dospel\u00fdch<\/strong>\nKatech\u00e9za pre dospel\u00fdch bude tento t\u00fd\u017ede\u0148 vo \u0161tvrtok po sv. om\u0161i. Preber\u00e1me t\u00e9mu 4. Bo\u017eieho prik\u00e1zania.]]>\t\t<\/p>\n","protected":false},"excerpt":{"rendered":"<p>\t\t\t\t<![CDATA[\u00a0<br \/>]]>\t\t<\/p>\n","protected":false},"author":2,"featured_media":0,"comment_status":"closed","ping_status":"closed","sticky":false,"template":"","format":"standard","meta":{"footnotes":""},"categories":[11],"tags":[],"_links":{"self":[{"href":"https:\/\/svatarodina.fara.sk\/index.php?rest_route=\/wp\/v2\/posts\/3966"}],"collection":[{"href":"https:\/\/svatarodina.fara.sk\/index.php?rest_route=\/wp\/v2\/posts"}],"about":[{"href":"https:\/\/svatarodina.fara.sk\/index.php?rest_route=\/wp\/v2\/types\/post"}],"author":[{"embeddable":true,"href":"https:\/\/svatarodina.fara.sk\/index.php?rest_route=\/wp\/v2\/users\/2"}],"replies":[{"embeddable":true,"href":"https:\/\/svatarodina.fara.sk\/index.php?rest_route=%2Fwp%2Fv2%2Fcomments&post=3966"}],"version-history":[{"count":0,"href":"https:\/\/svatarodina.fara.sk\/index.php?rest_route=\/wp\/v2\/posts\/3966\/revisions"}],"wp:attachment":[{"href":"https:\/\/svatarodina.fara.sk\/index.php?rest_route=%2Fwp%2Fv2%2Fmedia&parent=3966"}],"wp:term":[{"taxonomy":"category","embeddable":true,"href":"https:\/\/svatarodina.fara.sk\/index.php?rest_route=%2Fwp%2Fv2%2Fcategories&post=3966"},{"taxonomy":"post_tag","embeddable":true,"href":"https:\/\/svatarodina.fara.sk\/index.php?rest_route=%2Fwp%2Fv2%2Ftags&post=3966"}],"curies":[{"name":"wp","href":"https:\/\/api.w.org\/{rel}","templated":true}]}}