{"id":3976,"date":"2017-07-16T10:12:35","date_gmt":"2017-07-16T09:12:35","guid":{"rendered":"http:\/\/fara.sk\/svatarodina\/?p=3976"},"modified":"2017-07-16T10:12:35","modified_gmt":"2017-07-16T09:12:35","slug":"aktualne-oznamy-16-jul-2017-15-cezrocna-nedela","status":"publish","type":"post","link":"https:\/\/svatarodina.fara.sk\/?p=3976","title":{"rendered":"Farsk\u00e9 oznamy (16. j\u00fal 2017, 15. cezro\u010dn\u00e1 nede\u013ea)"},"content":{"rendered":"<p>\t\t\t\t<![CDATA[&nbsp;\n\n\n<table width=\"512\">\n\n\n<tbody>\n\n\n<tr>\n\n\n<td colspan=\"2\" width=\"214\">\n\n\n<h1><strong>Liturgick\u00fd kalend\u00e1r<\/strong><\/h1>\n\n\n<\/td>\n\n\n\n\n<td colspan=\"3\" width=\"298\">\n\n\n<h2>\u00damysly<\/h2>\n\n\n<\/td>\n\n\n<\/tr>\n\n\n\n\n<tr>\n\n\n<td rowspan=\"3\" width=\"72\">\n\n\n<h1>Nede\u013ea<\/h1>\n\n\n16.7.<\/td>\n\n\n\n\n<td rowspan=\"3\" width=\"142\"><strong>15. Nede\u013ea v\u00a0cezro\u010dnom obdob\u00ed<\/strong><\/td>\n\n\n\n\n<td width=\"43\">7.30<\/td>\n\n\n\n\n<td width=\"28\"><strong>A\u0160<\/strong><\/td>\n\n\n\n\n<td width=\"227\">+ Manuel, Killian a\u00a0Enzo<\/td>\n\n\n<\/tr>\n\n\n\n\n<tr>\n\n\n<td width=\"43\">9.00<\/td>\n\n\n\n\n<td width=\"28\"><strong>JV<\/strong><\/td>\n\n\n\n\n<td width=\"227\">za farn\u00edkov<\/td>\n\n\n<\/tr>\n\n\n\n\n<tr>\n\n\n<td width=\"43\">18.00<\/td>\n\n\n\n\n<td width=\"28\"><strong>MK<\/strong><\/td>\n\n\n\n\n<td width=\"227\">za zdravie a\u00a0Bo\u017eie po\u017eehnanie pre M\u00e1riu<\/td>\n\n\n<\/tr>\n\n\n\n\n<tr>\n\n\n<td rowspan=\"2\" width=\"72\">\n\n\n<h1>Pondelok<\/h1>\n\n\n17.7.<\/td>\n\n\n\n\n<td rowspan=\"2\" width=\"142\"><em>Sv. Andreja Svorada a\u00a0Benedikta, pustov., sp.<\/em><\/td>\n\n\n\n\n<td width=\"43\"><\/td>\n\n\n\n\n<td width=\"28\"><strong>\u00a0<\/strong><\/td>\n\n\n\n\n<td width=\"227\"><\/td>\n\n\n<\/tr>\n\n\n\n\n<tr>\n\n\n<td width=\"43\">18.00<\/td>\n\n\n\n\n<td width=\"28\"><strong>JV<\/strong><\/td>\n\n\n\n\n<td width=\"227\">+ man\u017eel Jozef, rodi\u010dia a\u00a0star\u00ed rodi\u010dia<\/td>\n\n\n<\/tr>\n\n\n\n\n<tr>\n\n\n<td rowspan=\"2\" width=\"72\"><strong>Utorok<\/strong>\n18.7.<\/td>\n\n\n\n\n<td rowspan=\"2\" width=\"142\"><em>\u00a0<\/em><\/td>\n\n\n\n\n<td width=\"43\">7.00<\/td>\n\n\n\n\n<td width=\"28\"><strong>JV<\/strong><\/td>\n\n\n\n\n<td width=\"227\">+ star\u00fd otec Ondre<\/td>\n\n\n<\/tr>\n\n\n\n\n<tr>\n\n\n<td width=\"43\"><\/td>\n\n\n\n\n<td width=\"28\"><strong>\u00a0<\/strong><\/td>\n\n\n\n\n<td width=\"227\"><\/td>\n\n\n<\/tr>\n\n\n\n\n<tr>\n\n\n<td rowspan=\"2\" width=\"72\"><strong>Streda<\/strong>\n19.7.<\/td>\n\n\n\n\n<td rowspan=\"2\" width=\"142\"><em>\u00a0<\/em><\/td>\n\n\n\n\n<td width=\"43\"><\/td>\n\n\n\n\n<td width=\"28\"><strong>\u00a0<\/strong><\/td>\n\n\n\n\n<td width=\"227\"><\/td>\n\n\n<\/tr>\n\n\n\n\n<tr>\n\n\n<td width=\"43\">18.00<\/td>\n\n\n\n\n<td width=\"28\"><strong>A\u0160<\/strong><\/td>\n\n\n\n\n<td width=\"227\">za zdravie a\u00a0Bo\u017eiu pomoc<\/td>\n\n\n<\/tr>\n\n\n\n\n<tr>\n\n\n<td rowspan=\"2\" width=\"72\"><strong>\u0160tvrtok<\/strong>\n20.7.<\/td>\n\n\n\n\n<td rowspan=\"2\" width=\"142\"><em>\u00a0<\/em><\/td>\n\n\n\n\n<td width=\"43\"><\/td>\n\n\n\n\n<td width=\"28\"><strong>\u00a0<\/strong><\/td>\n\n\n\n\n<td width=\"227\"><\/td>\n\n\n<\/tr>\n\n\n\n\n<tr>\n\n\n<td width=\"43\">18.00<\/td>\n\n\n\n\n<td width=\"28\"><strong>A\u0160<\/strong><\/td>\n\n\n\n\n<td width=\"227\">+ man\u017eel Janko a\u00a0rodi\u010dia z\u00a0oboch str\u00e1n<\/td>\n\n\n<\/tr>\n\n\n\n\n<tr>\n\n\n<td rowspan=\"2\" width=\"72\">\n\n\n<h1>Piatok<\/h1>\n\n\n21.7.<\/td>\n\n\n\n\n<td rowspan=\"2\" width=\"142\"><em>\u00a0<\/em><\/td>\n\n\n\n\n<td width=\"43\"><\/td>\n\n\n\n\n<td width=\"28\"><strong>\u00a0<\/strong><\/td>\n\n\n\n\n<td width=\"227\"><\/td>\n\n\n<\/tr>\n\n\n\n\n<tr>\n\n\n<td width=\"43\">18.00<\/td>\n\n\n\n\n<td width=\"28\"><strong>A\u0160<\/strong><\/td>\n\n\n\n\n<td width=\"227\">+ man\u017eel Pavol<\/td>\n\n\n<\/tr>\n\n\n\n\n<tr>\n\n\n<td rowspan=\"2\" width=\"72\">\n\n\n<h1>Sobota<\/h1>\n\n\n22.7.<\/td>\n\n\n\n\n<td rowspan=\"2\" width=\"142\"><em>Sv. M\u00e1rie Magdal\u00e9ny, sviatok<\/em><\/td>\n\n\n\n\n<td width=\"43\">7.30<\/td>\n\n\n\n\n<td width=\"28\"><strong>A\u0160<\/strong><\/td>\n\n\n\n\n<td width=\"227\">+ Miroslav<\/td>\n\n\n<\/tr>\n\n\n\n\n<tr>\n\n\n<td width=\"43\"><\/td>\n\n\n\n\n<td width=\"28\"><strong>\u00a0<\/strong><\/td>\n\n\n\n\n<td width=\"227\"><\/td>\n\n\n<\/tr>\n\n\n\n\n<tr>\n\n\n<td rowspan=\"3\" width=\"72\">\n\n\n<h1>Nede\u013ea<\/h1>\n\n\n23.7.<\/td>\n\n\n\n\n<td rowspan=\"3\" width=\"142\"><strong>16. Nede\u013ea v\u00a0cezro\u010dnom obdob\u00ed<\/strong><\/td>\n\n\n\n\n<td width=\"43\">7.30<\/td>\n\n\n\n\n<td width=\"28\"><strong>A\u0160<\/strong><\/td>\n\n\n\n\n<td width=\"227\">za zdravie a\u00a0B.pomoc pre rodinu Marty<\/td>\n\n\n<\/tr>\n\n\n\n\n<tr>\n\n\n<td width=\"43\">9.00<\/td>\n\n\n\n\n<td width=\"28\"><strong>A\u0160<\/strong><\/td>\n\n\n\n\n<td width=\"227\">za farn\u00edkov<\/td>\n\n\n<\/tr>\n\n\n\n\n<tr>\n\n\n<td width=\"43\">18.00<\/td>\n\n\n\n\n<td width=\"28\"><strong>A\u0160<\/strong><\/td>\n\n\n\n\n<td width=\"227\">za zdravie a\u00a0B. pomoc pre deti Tom\u00e1\u0161a, Jaroslava a Vieru<\/td>\n\n\n<\/tr>\n\n\n<\/tbody>\n\n\n<\/table>\n\n\n<em>Inici\u00e1lky: JV \u2013 o. Juraj Vittek, A\u0160 \u2013 o. Andrej \u0160ottn\u00edk, MK \u2013 vdp. Martin Kramara<\/em>\n<strong>\u00a0<\/strong>\n<strong>Spovedanie<\/strong>\nVzh\u013eadom na dovolenky sa od stredy vr\u00e1tane nedele nebude spoveda\u0165 po\u010das sv. om\u0161\u00ed. V\u00a0t\u00fd\u017edni bude k\u0148az k\u00a0dispoz\u00edcii pred sv. om\u0161ou, pr\u00edp. po. V\u00a0nede\u013eu sa spoveda\u0165 nebude.\n<strong>Publik\u00e1cie k\u00a0100. v\u00fdro\u010diu fatimsk\u00fdch zjaven\u00ed<\/strong>\nLetn\u00e9 pr\u00e1zdninov\u00e9 a dovolenkov\u00e9 obdobie n\u00e1s poz\u00fdva siahnu\u0165 po dobrej knihe. Pre\u017e\u00edvame storo\u010dnicu fatimsk\u00fdch zjaven\u00ed. V\u00a0tomto obdob\u00ed vy\u0161lo nieko\u013eko hodnotn\u00fdch publik\u00e1ci\u00ed, ktor\u00e9 n\u00e1m m\u00f4\u017eu pom\u00f4c\u0165 lep\u0161ie zvn\u00fatorni\u0165 obsah fatimsk\u00fdch posolstiev a z\u00e1rove\u0148 pribl\u00ed\u017ei\u0165 postavy sv\u00e4t\u00fdch fatimsk\u00fdch det\u00ed, z\u00a0ktor\u00fdch dve boli tento rok sv\u00e4tore\u010den\u00e9 p\u00e1pe\u017eom Franti\u0161kom. D\u00f4le\u017eitou knihou je isto kniha Spomienky sestry Lucie, ktor\u00e1 tento rok bola vydan\u00e1 vo Fatime aj v\u00a0sloven\u010dine. N\u00e1jdete aj na internetovej str\u00e1nke na\u0161ej farnosti. Kniha je z\u00e1kladn\u00fdm zdrojom k\u00a0poznaniu fatimsk\u00fdch udalost\u00ed. Sestra Lucia pripomenula, \u017ee ona dostala videnie, ale nie jeho vysvetlenie. V\u00fdklad neprin\u00e1le\u017e\u00ed vidiacemu, ale Cirkvi. Kniha Mons. Mari\u00e1na Gavendu s\u00a0n\u00e1zvom \u201eFatima\u201c, je u\u017eito\u010dn\u00e1 pre porozumenie fatimsk\u00fdch zjaven\u00ed. N\u00e1jdete v\u00a0nej nahliadnutie do \u017eivota fatimsk\u00fdch pastierikov, jednotliv\u00fdch zjaven\u00ed, historick\u00fdch s\u00favislost\u00ed, a hlavne vyjadren\u00ed jednotliv\u00fdch p\u00e1pe\u017eov k\u00a0Fatime, ako i vysvetlenie tretieho fatimsk\u00e9ho zjavenia, ktor\u00e9 pripravili kardin\u00e1li Angelo Sodano a Jozef Ratzinger z\u00a0poverenia sv. J\u00e1na Pavla II. v\u00a0roku 2000. To s\u00fa smerodajn\u00e9 texty pre spr\u00e1vnu interpret\u00e1ciu fatimsk\u00fdch zjaven\u00ed. V\u00a0s\u00fa\u010dasnosti toti\u017e m\u00f4\u017ete n\u00e1js\u0165 ve\u013ea kon\u0161pira\u010dn\u00fdch a zav\u00e1dzaj\u00facich interpret\u00e1ci\u00ed na internete. Kniha Mons. Gavendu je k\u00a0dispoz\u00edcii aj v\u00a0sakristii. Stoj\u00ed 9 \u20ac. D\u00e1vame do pozornosti aj \u010fal\u0161iu publik\u00e1ciu od autora s\u00a0pseudonymom Gaudius Radelli s\u00a0n\u00e1zvom <em>Triumf srdca<\/em>, ktor\u00e1 vy\u0161la ned\u00e1vno. Je to s\u00fabor \u00favah a inform\u00e1ci\u00ed o fatimsk\u00fdch posolstv\u00e1ch s\u00a0\u00favodmi od viacer\u00fdch osobnost\u00ed cirkevn\u00e9ho \u017eivota vo svete i na Slovensku. Inform\u00e1cie o nej n\u00e1jdete na n\u00e1stenke s\u00a0mo\u017enos\u0165ou si ju objedna\u0165. Stoj\u00ed 15 \u20ac. V\u00a0na\u0161ej uhovorenej a hlu\u010dnej dobe d\u00e1vame do pozornosti aj knihu kardin\u00e1la Roberta Saraha s\u00a0n\u00e1zvom <em>Sila ticha<\/em>. <a href=\"http:\/\/svatarodina.fara.sk\/?p=3979\">Viac tu.<\/a>\n<strong>Blahore\u010denie ct. Titusa Zemana<\/strong>\nNa n\u00e1stenke n\u00e1jdete aj ofici\u00e1lny plag\u00e1t s\u00a0programom blahore\u010denia ct. dona Titusa Zemana. D\u00e1vame do pozornosti aj publik\u00e1cie o jeho \u017eivote. Ve\u013ea inform\u00e1ci\u00ed n\u00e1jdete na internetovej str\u00e1nke <a href=\"http:\/\/www.tituszeman.sk\">www.tituszeman.sk<\/a>. Ako pr\u00edpravu na blahore\u010denie odpor\u00fa\u010dame pre\u010d\u00edta\u0165 si niektor\u00fd zo \u017eivotopisov: kniha Michala T. Rado\u0161insk\u00e9ho, <em>Quo vadis Titus<\/em>, \u010falej kniha E. Mac\u00e1ka s\u00a0n\u00e1zvom <em>Titus, odpus\u0165 mi to<\/em>, pr\u00edp. publik\u00e1cia dona Jozefa Lusco\u0148a pre deti a ml\u00e1de\u017e s\u00a0n\u00e1zvom <em>Titus, ide\u0161! <a href=\"http:\/\/svatarodina.fara.sk\/?p=3979\">Viac tu.<\/a><\/em>\n&nbsp;\n&nbsp;]]>\t\t<\/p>\n","protected":false},"excerpt":{"rendered":"<p>\t\t\t\t<![CDATA[&nbsp;<br \/>]]>\t\t<\/p>\n","protected":false},"author":2,"featured_media":0,"comment_status":"closed","ping_status":"closed","sticky":false,"template":"","format":"standard","meta":{"footnotes":""},"categories":[11],"tags":[],"_links":{"self":[{"href":"https:\/\/svatarodina.fara.sk\/index.php?rest_route=\/wp\/v2\/posts\/3976"}],"collection":[{"href":"https:\/\/svatarodina.fara.sk\/index.php?rest_route=\/wp\/v2\/posts"}],"about":[{"href":"https:\/\/svatarodina.fara.sk\/index.php?rest_route=\/wp\/v2\/types\/post"}],"author":[{"embeddable":true,"href":"https:\/\/svatarodina.fara.sk\/index.php?rest_route=\/wp\/v2\/users\/2"}],"replies":[{"embeddable":true,"href":"https:\/\/svatarodina.fara.sk\/index.php?rest_route=%2Fwp%2Fv2%2Fcomments&post=3976"}],"version-history":[{"count":0,"href":"https:\/\/svatarodina.fara.sk\/index.php?rest_route=\/wp\/v2\/posts\/3976\/revisions"}],"wp:attachment":[{"href":"https:\/\/svatarodina.fara.sk\/index.php?rest_route=%2Fwp%2Fv2%2Fmedia&parent=3976"}],"wp:term":[{"taxonomy":"category","embeddable":true,"href":"https:\/\/svatarodina.fara.sk\/index.php?rest_route=%2Fwp%2Fv2%2Fcategories&post=3976"},{"taxonomy":"post_tag","embeddable":true,"href":"https:\/\/svatarodina.fara.sk\/index.php?rest_route=%2Fwp%2Fv2%2Ftags&post=3976"}],"curies":[{"name":"wp","href":"https:\/\/api.w.org\/{rel}","templated":true}]}}