{"id":3996,"date":"2017-07-31T16:21:03","date_gmt":"2017-07-31T15:21:03","guid":{"rendered":"http:\/\/fara.sk\/svatarodina\/?p=3996"},"modified":"2017-07-31T16:21:03","modified_gmt":"2017-07-31T15:21:03","slug":"aktualne-farske-oznamy-30-jul-2017-17-cezrocna-nedela","status":"publish","type":"post","link":"https:\/\/svatarodina.fara.sk\/?p=3996","title":{"rendered":"Farsk\u00e9 oznamy (30. j\u00fal 2017, 17. cezro\u010dn\u00e1 nede\u013ea)"},"content":{"rendered":"<p>\t\t\t\t<![CDATA[\n\n<h2><\/h2>\n\n\n\n\n<table width=\"512\">\n\n\n<tbody>\n\n\n<tr>\n\n\n<td colspan=\"2\" width=\"214\">\n\n\n<h1><strong>Liturgick\u00fd kalend\u00e1r<\/strong><\/h1>\n\n\n<\/td>\n\n\n\n\n<td colspan=\"3\" width=\"298\">\n\n\n<h2>\u00damysly<\/h2>\n\n\n<\/td>\n\n\n<\/tr>\n\n\n\n\n<tr>\n\n\n<td rowspan=\"3\" width=\"72\">\n\n\n<h1>Nede\u013ea<\/h1>\n\n\n30.7.<\/td>\n\n\n\n\n<td rowspan=\"3\" width=\"142\"><strong>17. Nede\u013ea v\u00a0cezro\u010dnom obdob\u00ed<\/strong><\/td>\n\n\n\n\n<td width=\"43\">7.30<\/td>\n\n\n\n\n<td width=\"28\"><strong>MK<\/strong><\/td>\n\n\n\n\n<td width=\"227\">za obr\u00e1tenie dc\u00e9ry a\u00a0jej rodiny<\/td>\n\n\n<\/tr>\n\n\n\n\n<tr>\n\n\n<td width=\"43\">9.00<\/td>\n\n\n\n\n<td width=\"28\"><strong>A\u0160<\/strong><\/td>\n\n\n\n\n<td width=\"227\">za farn\u00edkov<\/td>\n\n\n<\/tr>\n\n\n\n\n<tr>\n\n\n<td width=\"43\">18.00<\/td>\n\n\n\n\n<td width=\"28\"><strong>JV<\/strong><\/td>\n\n\n\n\n<td width=\"227\">za zdravie a\u00a0dar Ducha Sv\u00e4t\u00e9ho pre dc\u00e9ru<\/td>\n\n\n<\/tr>\n\n\n\n\n<tr>\n\n\n<td rowspan=\"2\" width=\"72\">\n\n\n<h1>Pondelok<\/h1>\n\n\n31.7.<\/td>\n\n\n\n\n<td rowspan=\"2\" width=\"142\"><em>Sv. Ign\u00e1ca z\u00a0Loyoly, k\u0148aza, spomienka<\/em><\/td>\n\n\n\n\n<td width=\"43\"><\/td>\n\n\n\n\n<td width=\"28\"><strong>\u00a0<\/strong><\/td>\n\n\n\n\n<td width=\"227\"><\/td>\n\n\n<\/tr>\n\n\n\n\n<tr>\n\n\n<td width=\"43\">18.00<\/td>\n\n\n\n\n<td width=\"28\"><strong>MK<\/strong><\/td>\n\n\n\n\n<td width=\"227\">+ Anna, Ign\u00e1c, Just\u00edn a\u00a0star\u00ed rodi\u010dia<\/td>\n\n\n<\/tr>\n\n\n\n\n<tr>\n\n\n<td rowspan=\"2\" width=\"72\"><strong>Utorok<\/strong>\n1.8.<\/td>\n\n\n\n\n<td rowspan=\"2\" width=\"142\"><em>Sv. Alfonza M. de\u2018 Liguori, biskupa a\u00a0u\u010dite\u013ea Cirkvi<\/em><\/td>\n\n\n\n\n<td width=\"43\">7.00<\/td>\n\n\n\n\n<td width=\"28\"><strong>MK<\/strong><\/td>\n\n\n\n\n<td width=\"227\">za zdravie a\u00a0Bo\u017eiu pomoc pre sestru a neter<\/td>\n\n\n<\/tr>\n\n\n\n\n<tr>\n\n\n<td width=\"43\"><\/td>\n\n\n\n\n<td width=\"28\"><strong>\u00a0<\/strong><\/td>\n\n\n\n\n<td width=\"227\"><\/td>\n\n\n<\/tr>\n\n\n\n\n<tr>\n\n\n<td rowspan=\"2\" width=\"72\"><strong>Streda<\/strong>\n2.8.<\/td>\n\n\n\n\n<td rowspan=\"2\" width=\"142\"><em>\u00a0<\/em><\/td>\n\n\n\n\n<td width=\"43\"><\/td>\n\n\n\n\n<td width=\"28\"><strong>\u00a0<\/strong><\/td>\n\n\n\n\n<td width=\"227\"><\/td>\n\n\n<\/tr>\n\n\n\n\n<tr>\n\n\n<td width=\"43\">18.00<\/td>\n\n\n\n\n<td width=\"28\"><strong>JV<\/strong><\/td>\n\n\n\n\n<td width=\"227\">za zdravie a\u00a0Bo\u017eiu milos\u0165 pre dc\u00e9ry s\u00a0rodinami<\/td>\n\n\n<\/tr>\n\n\n\n\n<tr>\n\n\n<td rowspan=\"2\" width=\"72\"><strong>\u0160tvrtok<\/strong>\n3.8.<\/td>\n\n\n\n\n<td rowspan=\"2\" width=\"142\"><em>\u00a0<\/em><\/td>\n\n\n\n\n<td width=\"43\"><\/td>\n\n\n\n\n<td width=\"28\"><strong>\u00a0<\/strong><\/td>\n\n\n\n\n<td width=\"227\"><\/td>\n\n\n<\/tr>\n\n\n\n\n<tr>\n\n\n<td width=\"43\">18.00<\/td>\n\n\n\n\n<td width=\"28\"><strong>JV<\/strong><\/td>\n\n\n\n\n<td width=\"227\">za zdravie pre vnu\u010dku<\/td>\n\n\n<\/tr>\n\n\n\n\n<tr>\n\n\n<td rowspan=\"2\" width=\"72\">\n\n\n<h1>Piatok<\/h1>\n\n\n4.8.<\/td>\n\n\n\n\n<td rowspan=\"2\" width=\"142\"><em>Sv. J\u00e1na M\u00e1riu Vianneya, k\u0148aza, spomienka<\/em><\/td>\n\n\n\n\n<td width=\"43\"><\/td>\n\n\n\n\n<td width=\"28\"><strong>\u00a0<\/strong><\/td>\n\n\n\n\n<td width=\"227\"><\/td>\n\n\n<\/tr>\n\n\n\n\n<tr>\n\n\n<td width=\"43\">18.00<\/td>\n\n\n\n\n<td width=\"28\"><strong>JV<\/strong><\/td>\n\n\n\n\n<td width=\"227\">+ rodi\u010dia Franti\u0161ek, M\u00e1ria, J\u00e1n a\u00a0Margita<\/td>\n\n\n<\/tr>\n\n\n\n\n<tr>\n\n\n<td rowspan=\"2\" width=\"72\">\n\n\n<h1>Sobota<\/h1>\n\n\n5.8.<\/td>\n\n\n\n\n<td rowspan=\"2\" width=\"142\"><em>V\u00fdro\u010die posv\u00e4tenia hl. mari\u00e1nskej baziliky v\u00a0R\u00edme<\/em><\/td>\n\n\n\n\n<td width=\"43\">8.00<\/td>\n\n\n\n\n<td width=\"28\"><strong>MK<\/strong><\/td>\n\n\n\n\n<td width=\"227\">za ru\u017eencov\u00e9 bratstvo<\/td>\n\n\n<\/tr>\n\n\n\n\n<tr>\n\n\n<td width=\"43\"><\/td>\n\n\n\n\n<td width=\"28\"><strong>\u00a0<\/strong><\/td>\n\n\n\n\n<td width=\"227\"><\/td>\n\n\n<\/tr>\n\n\n\n\n<tr>\n\n\n<td rowspan=\"3\" width=\"72\">\n\n\n<h1>Nede\u013ea<\/h1>\n\n\n6.8.<\/td>\n\n\n\n\n<td rowspan=\"3\" width=\"142\"><strong>PREMENENIE P\u00c1NA, <\/strong><strong><em>sviatok<\/em><\/strong><\/td>\n\n\n\n\n<td width=\"43\">7.30<\/td>\n\n\n\n\n<td width=\"28\"><strong>MK<\/strong><\/td>\n\n\n\n\n<td width=\"227\">+ Maxim, Julian a Enzo<\/td>\n\n\n<\/tr>\n\n\n\n\n<tr>\n\n\n<td width=\"43\">9.00<\/td>\n\n\n\n\n<td width=\"28\"><b>Zi<\/b><\/td>\n\n\n\n\n<td width=\"227\">za farn\u00edkov (RTVS)<\/td>\n\n\n<\/tr>\n\n\n\n\n<tr>\n\n\n<td width=\"43\">18.00<\/td>\n\n\n\n\n<td width=\"28\"><strong>JV<\/strong><\/td>\n\n\n\n\n<td width=\"227\">+ man\u017eel Janko a\u00a0rodi\u010dia z\u00a0oboch str\u00e1n<\/td>\n\n\n<\/tr>\n\n\n<\/tbody>\n\n\n<\/table>\n\n\n<em>Inici\u00e1lky: JV \u2013 o. Juraj Vittek, A\u0160 \u2013 o. Andrej \u0160ottn\u00edk, MK \u2013 vdp. Martin Kramara, Zi &#8211; vdp. Anton Ziolkovsk\u00fd<\/em>\n<strong>\u00a0<\/strong>\n<strong>\u00a0<\/strong>\n<strong>Porciunkulov\u00e9 odpustky<\/strong>\n2. augusta mo\u017eno z\u00edska\u0165 vo v\u0161etk\u00fdch farsk\u00fdch kostoloch, bazilik\u00e1ch minor a v\u00a0katedr\u00e1lnych chr\u00e1moch \u00fapln\u00e9 odpustky \u201ePorciunkuly\u201c. Skutok predp\u00edsan\u00fd na z\u00edskanie odpustkov je n\u00e1bo\u017en\u00e1 n\u00e1v\u0161teva kostola spojen\u00e1 s\u00a0Modlitbou P\u00e1na (<em>Ot\u010de n\u00e1\u0161<\/em>) a Vyznan\u00edm viery (<em>Ver\u00edm v\u00a0Boha<\/em>). Okrem toho treba splni\u0165 tri podmienky: sv\u00e4t\u00fa spove\u010f, sv\u00e4t\u00e9 prij\u00edmanie v\u00a0ten de\u0148 a modlitbu na \u00famysel Sv\u00e4t\u00e9ho Otca.\n<strong>Stretnutie ru\u017eencov\u00e9ho bratstva<\/strong>\nRB oznamuje, \u017ee v\u00a0sobotu 5. augusta 2017 o\u00a07.30h bude stretnutie \u010dlenov ru\u017eencov\u00e9ho bratstva. Za\u010dne sa modlitbou sv. ru\u017eenca o\u00a07.30h a\u00a0po \u0148om o\u00a08.00h bude sv\u00e4t\u00e1 om\u0161a.\n<strong>Katech\u00e9za pre dospel\u00fdch<\/strong>\nV\u00a0stredu bude ma\u0165 otec Juraj po ve\u010dernej sv. om\u0161i katech\u00e9zu pre dospel\u00fdch.\n<strong>Spovedanie<\/strong>\nVzh\u013eadom na prebiehaj\u00face dovolenkov\u00e9 obdobie bude aj v\u00a0nasleduj\u00facom t\u00fd\u017edni mo\u017enos\u0165 prist\u00fapi\u0165 k\u00a0sv. spovedi obmedzen\u00e1.]]>\t\t<\/p>\n","protected":false},"excerpt":{"rendered":"<p>\t\t\t\t<![CDATA[<br \/>]]>\t\t<\/p>\n","protected":false},"author":2,"featured_media":0,"comment_status":"closed","ping_status":"closed","sticky":false,"template":"","format":"standard","meta":{"footnotes":""},"categories":[11],"tags":[],"_links":{"self":[{"href":"https:\/\/svatarodina.fara.sk\/index.php?rest_route=\/wp\/v2\/posts\/3996"}],"collection":[{"href":"https:\/\/svatarodina.fara.sk\/index.php?rest_route=\/wp\/v2\/posts"}],"about":[{"href":"https:\/\/svatarodina.fara.sk\/index.php?rest_route=\/wp\/v2\/types\/post"}],"author":[{"embeddable":true,"href":"https:\/\/svatarodina.fara.sk\/index.php?rest_route=\/wp\/v2\/users\/2"}],"replies":[{"embeddable":true,"href":"https:\/\/svatarodina.fara.sk\/index.php?rest_route=%2Fwp%2Fv2%2Fcomments&post=3996"}],"version-history":[{"count":0,"href":"https:\/\/svatarodina.fara.sk\/index.php?rest_route=\/wp\/v2\/posts\/3996\/revisions"}],"wp:attachment":[{"href":"https:\/\/svatarodina.fara.sk\/index.php?rest_route=%2Fwp%2Fv2%2Fmedia&parent=3996"}],"wp:term":[{"taxonomy":"category","embeddable":true,"href":"https:\/\/svatarodina.fara.sk\/index.php?rest_route=%2Fwp%2Fv2%2Fcategories&post=3996"},{"taxonomy":"post_tag","embeddable":true,"href":"https:\/\/svatarodina.fara.sk\/index.php?rest_route=%2Fwp%2Fv2%2Ftags&post=3996"}],"curies":[{"name":"wp","href":"https:\/\/api.w.org\/{rel}","templated":true}]}}