{"id":4000,"date":"2017-07-27T16:23:53","date_gmt":"2017-07-27T15:23:53","guid":{"rendered":"http:\/\/fara.sk\/svatarodina\/?p=4000"},"modified":"2017-07-27T16:23:53","modified_gmt":"2017-07-27T15:23:53","slug":"farske-oznamy-23-jul-2017-16-cezrocna-nedela","status":"publish","type":"post","link":"https:\/\/svatarodina.fara.sk\/?p=4000","title":{"rendered":"Farsk\u00e9 oznamy (23. j\u00fal 2017, 16. cezro\u010dn\u00e1 nede\u013ea)"},"content":{"rendered":"<p>\t\t\t\t<![CDATA[\n\n<h2><\/h2>\n\n\n\n\n<table width=\"512\">\n\n\n<tbody>\n\n\n<tr>\n\n\n<td colspan=\"2\" width=\"214\">\n\n\n<h1><strong>Liturgick\u00fd kalend\u00e1r<\/strong><\/h1>\n\n\n<\/td>\n\n\n\n\n<td colspan=\"3\" width=\"298\">\n\n\n<h2>\u00damysly<\/h2>\n\n\n<\/td>\n\n\n<\/tr>\n\n\n\n\n<tr>\n\n\n<td rowspan=\"3\" width=\"72\">\n\n\n<h1>Nede\u013ea<\/h1>\n\n\n23.7.<\/td>\n\n\n\n\n<td rowspan=\"3\" width=\"142\"><strong>16. Nede\u013ea v\u00a0cezro\u010dnom obdob\u00ed<\/strong><\/td>\n\n\n\n\n<td width=\"43\">7.30<\/td>\n\n\n\n\n<td width=\"28\"><strong>A\u0160<\/strong><\/td>\n\n\n\n\n<td width=\"227\">za zdravie a\u00a0B.pomoc pre rodinu Marty<\/td>\n\n\n<\/tr>\n\n\n\n\n<tr>\n\n\n<td width=\"43\">9.00<\/td>\n\n\n\n\n<td width=\"28\"><strong>A\u0160<\/strong><\/td>\n\n\n\n\n<td width=\"227\">za farn\u00edkov<\/td>\n\n\n<\/tr>\n\n\n\n\n<tr>\n\n\n<td width=\"43\">18.00<\/td>\n\n\n\n\n<td width=\"28\"><strong>MK<\/strong><\/td>\n\n\n\n\n<td width=\"227\">za zdravie a\u00a0B. pomoc pre deti Tom\u00e1\u0161a, Jaroslava a Vieru<\/td>\n\n\n<\/tr>\n\n\n\n\n<tr>\n\n\n<td rowspan=\"2\" width=\"72\">\n\n\n<h1>Pondelok<\/h1>\n\n\n24.7.<\/td>\n\n\n\n\n<td rowspan=\"2\" width=\"142\"><em>Sv. \u0160arbela Makhlufa, k\u0148aza, \u013eubov. spomienka<\/em><\/td>\n\n\n\n\n<td width=\"43\"><\/td>\n\n\n\n\n<td width=\"28\"><strong>\u00a0<\/strong><\/td>\n\n\n\n\n<td width=\"227\"><\/td>\n\n\n<\/tr>\n\n\n\n\n<tr>\n\n\n<td width=\"43\">18.00<\/td>\n\n\n\n\n<td width=\"28\"><strong>A\u0160<\/strong><\/td>\n\n\n\n\n<td width=\"227\">+ Marta<\/td>\n\n\n<\/tr>\n\n\n\n\n<tr>\n\n\n<td rowspan=\"2\" width=\"72\"><strong>Utorok<\/strong>\n25.7.<\/td>\n\n\n\n\n<td rowspan=\"2\" width=\"142\"><em>Sv. Jakuba, apo\u0161tola, sviatok<\/em><\/td>\n\n\n\n\n<td width=\"43\">7.00<\/td>\n\n\n\n\n<td width=\"28\"><strong>A\u0160<\/strong><\/td>\n\n\n\n\n<td width=\"227\">+ rodi\u010dia<\/td>\n\n\n<\/tr>\n\n\n\n\n<tr>\n\n\n<td width=\"43\"><\/td>\n\n\n\n\n<td width=\"28\"><strong>\u00a0<\/strong><\/td>\n\n\n\n\n<td width=\"227\"><\/td>\n\n\n<\/tr>\n\n\n\n\n<tr>\n\n\n<td rowspan=\"2\" width=\"72\"><strong>Streda<\/strong>\n26.7.<\/td>\n\n\n\n\n<td rowspan=\"2\" width=\"142\"><em>Sv. Joachima a\u00a0Anny, rodi\u010dov P. M\u00e1rie, spom.<\/em><\/td>\n\n\n\n\n<td width=\"43\"><\/td>\n\n\n\n\n<td width=\"28\"><strong>\u00a0<\/strong><\/td>\n\n\n\n\n<td width=\"227\"><\/td>\n\n\n<\/tr>\n\n\n\n\n<tr>\n\n\n<td width=\"43\">18.00<\/td>\n\n\n\n\n<td width=\"28\"><strong>MK<\/strong><\/td>\n\n\n\n\n<td width=\"227\">+ rodi\u010dia Jozef a\u00a0Anna a\u00a0star\u00ed rodi\u010dia z\u00a0oboch str\u00e1n<\/td>\n\n\n<\/tr>\n\n\n\n\n<tr>\n\n\n<td rowspan=\"2\" width=\"72\"><strong>\u0160tvrtok<\/strong>\n27.7.<\/td>\n\n\n\n\n<td rowspan=\"2\" width=\"142\"><em>Sv. Gorazda a\u00a0spolo\u010dn\u00edkov, spomienka<\/em><\/td>\n\n\n\n\n<td width=\"43\"><\/td>\n\n\n\n\n<td width=\"28\"><strong>\u00a0<\/strong><\/td>\n\n\n\n\n<td width=\"227\"><\/td>\n\n\n<\/tr>\n\n\n\n\n<tr>\n\n\n<td width=\"43\">18.00<\/td>\n\n\n\n\n<td width=\"28\"><strong>A\u0160<\/strong><\/td>\n\n\n\n\n<td width=\"227\">+ Alexej, Du\u0161an a\u00a0rodi\u010dia<\/td>\n\n\n<\/tr>\n\n\n\n\n<tr>\n\n\n<td rowspan=\"2\" width=\"72\">\n\n\n<h1>Piatok<\/h1>\n\n\n28.7.<\/td>\n\n\n\n\n<td rowspan=\"2\" width=\"142\"><em>\u00a0<\/em><\/td>\n\n\n\n\n<td width=\"43\"><\/td>\n\n\n\n\n<td width=\"28\"><strong>\u00a0<\/strong><\/td>\n\n\n\n\n<td width=\"227\"><\/td>\n\n\n<\/tr>\n\n\n\n\n<tr>\n\n\n<td width=\"43\">18.00<\/td>\n\n\n\n\n<td width=\"28\"><strong>A\u0160<\/strong><\/td>\n\n\n\n\n<td width=\"227\">+ man\u017eel<\/td>\n\n\n<\/tr>\n\n\n\n\n<tr>\n\n\n<td rowspan=\"2\" width=\"72\">\n\n\n<h1>Sobota<\/h1>\n\n\n29.7.<\/td>\n\n\n\n\n<td rowspan=\"2\" width=\"142\"><em>Sv. Marty, spomienka<\/em><\/td>\n\n\n\n\n<td width=\"43\">7.30<\/td>\n\n\n\n\n<td width=\"28\"><strong>MK<\/strong><\/td>\n\n\n\n\n<td width=\"227\">za zdravie a\u00a0Bo\u017eie po\u017eehnanie pre Annu<\/td>\n\n\n<\/tr>\n\n\n\n\n<tr>\n\n\n<td width=\"43\"><\/td>\n\n\n\n\n<td width=\"28\"><strong>\u00a0<\/strong><\/td>\n\n\n\n\n<td width=\"227\"><\/td>\n\n\n<\/tr>\n\n\n\n\n<tr>\n\n\n<td rowspan=\"3\" width=\"72\">\n\n\n<h1>Nede\u013ea<\/h1>\n\n\n30.7.<\/td>\n\n\n\n\n<td rowspan=\"3\" width=\"142\"><strong>17. Nede\u013ea v\u00a0cezro\u010dnom obdob\u00ed<\/strong><\/td>\n\n\n\n\n<td width=\"43\">7.30<\/td>\n\n\n\n\n<td width=\"28\"><strong>MK<\/strong><\/td>\n\n\n\n\n<td width=\"227\">za obr\u00e1tenie dc\u00e9ry a\u00a0jej rodiny<\/td>\n\n\n<\/tr>\n\n\n\n\n<tr>\n\n\n<td width=\"43\">9.00<\/td>\n\n\n\n\n<td width=\"28\"><strong>A\u0160<\/strong><\/td>\n\n\n\n\n<td width=\"227\">za farn\u00edkov<\/td>\n\n\n<\/tr>\n\n\n\n\n<tr>\n\n\n<td width=\"43\">18.00<\/td>\n\n\n\n\n<td width=\"28\"><strong>JV<\/strong><\/td>\n\n\n\n\n<td width=\"227\">za zdravie a\u00a0dar Ducha Sv\u00e4t\u00e9ho pre dc\u00e9ru<\/td>\n\n\n<\/tr>\n\n\n<\/tbody>\n\n\n<\/table>\n\n\n<em>Inici\u00e1lky: JV \u2013 o. Juraj Vittek, A\u0160 \u2013 o. Andrej \u0160ottn\u00edk, MK \u2013 vdp. Martin Kramara<\/em>\n<strong>\u00a0<\/strong>\n<strong>Kniha kardin\u00e1la Saraha<\/strong>\nMinul\u00fd t\u00fd\u017ede\u0148 sme V\u00e1m odpor\u00fa\u010dali knihu p. kardin\u00e1la Roberta Saraha s\u00a0n\u00e1zvom <em>Sila ticha<\/em>. Viacer\u00ed ste n\u00e1s prosili, \u010di by nebolo mo\u017en\u00e9 zabezpe\u010di\u0165, aby sa kniha pred\u00e1vala aj v\u00a0na\u0161om kostole. Nieko\u013eko kusov sme objednali. Kniha stoj\u00ed 14 \u20ac a k\u00fapi\u0165 si ju m\u00f4\u017eete pri sakristii. Oslovili sme aj vydavate\u013estvo Don Bosco. Materi\u00e1ly o ct. donovi Titusovi Zemanovi by n\u00e1m mali doda\u0165 k\u00a0bud\u00facej nedeli.\n<strong>Univerzita tetieho veku<\/strong>\nTeologick\u00e1 fakulta Trnavskej univerzity so s\u00eddlom v\u00a0Bratislave oznamuje, \u017ee v\u00a0bud\u00facom \u0161kolskom roku otv\u00e1ra Univerzitu tretieho veku. Otv\u00e1ra tie\u017e on-line \u0161t\u00fadium. Bli\u017e\u0161ie inform\u00e1cie si n\u00e1jdete na plag\u00e1tiku na n\u00e1stenke.\n<strong>Organov\u00fd festival<\/strong>\nAj tento rok sa bude kona\u0165 v Katedr\u00e1le sv. Martina v Bratislave\u00a0Katedr\u00e1lny organov\u00fd festival (8. ro\u010dn\u00edk). Koncerty bud\u00fa b\u00fdva\u0165\u00a0ka\u017ed\u00fd \u0161tvrtok po\u010dn\u00fac 27. j\u00falom a kon\u010diac 7. septembrom v\u017edy o 19.30.\u00a0Cena vstupeniek je 7,- Eur (Z\u0164P 1,- Euro), na koncert 27. j\u00fala je vstup vo\u013en\u00fd.]]>\t\t<\/p>\n","protected":false},"excerpt":{"rendered":"<p>\t\t\t\t<![CDATA[<br \/>]]>\t\t<\/p>\n","protected":false},"author":2,"featured_media":0,"comment_status":"closed","ping_status":"closed","sticky":false,"template":"","format":"standard","meta":{"footnotes":""},"categories":[11],"tags":[],"_links":{"self":[{"href":"https:\/\/svatarodina.fara.sk\/index.php?rest_route=\/wp\/v2\/posts\/4000"}],"collection":[{"href":"https:\/\/svatarodina.fara.sk\/index.php?rest_route=\/wp\/v2\/posts"}],"about":[{"href":"https:\/\/svatarodina.fara.sk\/index.php?rest_route=\/wp\/v2\/types\/post"}],"author":[{"embeddable":true,"href":"https:\/\/svatarodina.fara.sk\/index.php?rest_route=\/wp\/v2\/users\/2"}],"replies":[{"embeddable":true,"href":"https:\/\/svatarodina.fara.sk\/index.php?rest_route=%2Fwp%2Fv2%2Fcomments&post=4000"}],"version-history":[{"count":0,"href":"https:\/\/svatarodina.fara.sk\/index.php?rest_route=\/wp\/v2\/posts\/4000\/revisions"}],"wp:attachment":[{"href":"https:\/\/svatarodina.fara.sk\/index.php?rest_route=%2Fwp%2Fv2%2Fmedia&parent=4000"}],"wp:term":[{"taxonomy":"category","embeddable":true,"href":"https:\/\/svatarodina.fara.sk\/index.php?rest_route=%2Fwp%2Fv2%2Fcategories&post=4000"},{"taxonomy":"post_tag","embeddable":true,"href":"https:\/\/svatarodina.fara.sk\/index.php?rest_route=%2Fwp%2Fv2%2Ftags&post=4000"}],"curies":[{"name":"wp","href":"https:\/\/api.w.org\/{rel}","templated":true}]}}