{"id":4885,"date":"2018-03-25T14:15:27","date_gmt":"2018-03-25T13:15:27","guid":{"rendered":"http:\/\/fara.sk\/svatarodina\/?p=4885"},"modified":"2018-03-25T14:15:27","modified_gmt":"2018-03-25T13:15:27","slug":"aktualne-farske-oznamy-25-marca-2018-kvetna-nedela","status":"publish","type":"post","link":"https:\/\/svatarodina.fara.sk\/?p=4885","title":{"rendered":"Farsk\u00e9 oznamy (25. marca 2018, Kvetn\u00e1 nede\u013ea)"},"content":{"rendered":"<p>\t\t\t\t<![CDATA[<strong>\u00a0<\/strong>\n\n\n<table width=\"512\">\n\n\n<tbody>\n\n\n<tr>\n\n\n<td colspan=\"2\" width=\"214\">\n\n\n<h1><strong>Liturgick\u00fd kalend\u00e1r<\/strong><\/h1>\n\n\n<\/td>\n\n\n\n\n<td colspan=\"3\" width=\"298\">\n\n\n<h2>\u00damysly<\/h2>\n\n\n<\/td>\n\n\n<\/tr>\n\n\n\n\n<tr>\n\n\n<td rowspan=\"4\" width=\"72\">\n\n\n<h1>Nede\u013ea<\/h1>\n\n\n25.3.<\/td>\n\n\n\n\n<td rowspan=\"4\" width=\"142\"><strong>KVETN\u00c1 NEDE\u013dA <\/strong><\/td>\n\n\n\n\n<td width=\"43\">7.30<\/td>\n\n\n\n\n<td width=\"28\"><strong>MK<\/strong><\/td>\n\n\n\n\n<td width=\"227\">+ Jozef, Irena a s\u00farodenci<\/td>\n\n\n<\/tr>\n\n\n\n\n<tr>\n\n\n<td width=\"43\">9.00<\/td>\n\n\n\n\n<td width=\"28\"><strong>A\u0160<\/strong><\/td>\n\n\n\n\n<td width=\"227\">+ man\u017eelka Marta<\/td>\n\n\n<\/tr>\n\n\n\n\n<tr>\n\n\n<td width=\"43\">10.30<\/td>\n\n\n\n\n<td width=\"28\"><strong>JV<\/strong><\/td>\n\n\n\n\n<td width=\"227\">za farn\u00edkov<\/td>\n\n\n<\/tr>\n\n\n\n\n<tr>\n\n\n<td width=\"43\">18.00<\/td>\n\n\n\n\n<td width=\"28\"><strong>A\u0160<\/strong><\/td>\n\n\n\n\n<td width=\"227\">+ Zuzana, Peter, Milan a rodi\u010dia<\/td>\n\n\n<\/tr>\n\n\n\n\n<tr>\n\n\n<td rowspan=\"2\" width=\"72\">\n\n\n<h1>Pondelok<\/h1>\n\n\n26.3.<\/td>\n\n\n\n\n<td rowspan=\"2\" width=\"142\"><em>\u00a0<\/em><\/td>\n\n\n\n\n<td width=\"43\">7.00<\/td>\n\n\n\n\n<td width=\"28\"><strong>JV<\/strong><\/td>\n\n\n\n\n<td width=\"227\">za du\u0161e v o\u010distci<\/td>\n\n\n<\/tr>\n\n\n\n\n<tr>\n\n\n<td width=\"43\">18.00<\/td>\n\n\n\n\n<td width=\"28\"><strong>A\u0160<\/strong><\/td>\n\n\n\n\n<td width=\"227\">+ J\u00e1n a\u00a0star\u00ed rodi\u010dia z\u00a0oboch str\u00e1n<\/td>\n\n\n<\/tr>\n\n\n\n\n<tr>\n\n\n<td rowspan=\"2\" width=\"72\"><strong>Utorok<\/strong>\n27.3.<\/td>\n\n\n\n\n<td rowspan=\"2\" width=\"142\"><em>\u00a0<\/em><\/td>\n\n\n\n\n<td width=\"43\">7.00<\/td>\n\n\n\n\n<td width=\"28\"><strong>A\u0160<\/strong><\/td>\n\n\n\n\n<td width=\"227\">za Bo\u017eiu pomoc pre cel\u00fa rodinu<\/td>\n\n\n<\/tr>\n\n\n\n\n<tr>\n\n\n<td width=\"43\">18.00<\/td>\n\n\n\n\n<td width=\"28\"><strong>MK<\/strong><\/td>\n\n\n\n\n<td width=\"227\">+ rodi\u010dia Ondrej a\u00a0Jozef\u00edna<\/td>\n\n\n<\/tr>\n\n\n\n\n<tr>\n\n\n<td rowspan=\"2\" width=\"72\"><strong>Streda<\/strong>\n28.3.<\/td>\n\n\n\n\n<td rowspan=\"2\" width=\"142\"><em>\u00a0<\/em><\/td>\n\n\n\n\n<td width=\"43\">7.00<\/td>\n\n\n\n\n<td width=\"28\"><strong>A\u0160<\/strong><\/td>\n\n\n\n\n<td width=\"227\">za bud\u00faceho man\u017eela<\/td>\n\n\n<\/tr>\n\n\n\n\n<tr>\n\n\n<td width=\"43\">18.00<\/td>\n\n\n\n\n<td width=\"28\"><strong>JV<\/strong><\/td>\n\n\n\n\n<td width=\"227\">+ k\u0148az Jozef<\/td>\n\n\n<\/tr>\n\n\n\n\n<tr>\n\n\n<td rowspan=\"2\" width=\"72\"><strong>\u0160tvrtok<\/strong>\n29.3.<\/td>\n\n\n\n\n<td rowspan=\"2\" width=\"142\"><em>Zelen\u00fd \u0161tvrtok P\u00e1novej ve\u010dere<\/em><\/td>\n\n\n\n\n<td width=\"43\"><\/td>\n\n\n\n\n<td width=\"28\"><strong>\u00a0<\/strong><\/td>\n\n\n\n\n<td width=\"227\"><\/td>\n\n\n<\/tr>\n\n\n\n\n<tr>\n\n\n<td width=\"43\">18.00<\/td>\n\n\n\n\n<td width=\"28\"><strong>JV<\/strong><\/td>\n\n\n\n\n<td width=\"227\">za Bo\u017eiu pomoc pre sestru Lenku<\/td>\n\n\n<\/tr>\n\n\n\n\n<tr>\n\n\n<td rowspan=\"3\" width=\"72\">\n\n\n<h1>Piatok<\/h1>\n\n\n30.3.<\/td>\n\n\n\n\n<td rowspan=\"3\" width=\"142\"><em>Ve\u013ek\u00fd piatok<\/em><\/td>\n\n\n\n\n<td width=\"43\">7.30<\/td>\n\n\n\n\n<td width=\"28\"><strong>\u00a0<\/strong><\/td>\n\n\n\n\n<td width=\"227\"><em>Liturgia hod\u00edn + kr\u00ed\u017eov\u00e1 cesta<\/em><\/td>\n\n\n<\/tr>\n\n\n\n\n<tr>\n\n\n<td width=\"43\">15.00<\/td>\n\n\n\n\n<td width=\"28\"><strong>A\u0160<\/strong><\/td>\n\n\n\n\n<td width=\"227\"><em>Sl\u00e1venie utrpenia a\u00a0smrti P\u00e1na<\/em><\/td>\n\n\n<\/tr>\n\n\n\n\n<tr>\n\n\n<td width=\"43\">19.30<\/td>\n\n\n\n\n<td width=\"28\"><strong>\u00a0<\/strong><\/td>\n\n\n\n\n<td width=\"227\"><em>Kr\u00ed\u017eov\u00e1 cesta ulicami s\u00eddliska<\/em><\/td>\n\n\n<\/tr>\n\n\n\n\n<tr>\n\n\n<td rowspan=\"2\" width=\"72\">\n\n\n<h1>Sobota<\/h1>\n\n\n31.3.<\/td>\n\n\n\n\n<td rowspan=\"2\" width=\"142\"><em>Biela sobota<\/em><\/td>\n\n\n\n\n<td width=\"43\">7.30<\/td>\n\n\n\n\n<td width=\"28\"><strong>\u00a0<\/strong><\/td>\n\n\n\n\n<td width=\"227\"><em>Liturgia hod\u00edn<\/em><\/td>\n\n\n<\/tr>\n\n\n\n\n<tr>\n\n\n<td width=\"43\">20.00<\/td>\n\n\n\n\n<td width=\"28\"><strong>A\u0160<\/strong><\/td>\n\n\n\n\n<td width=\"227\"><em>Ve\u013ekono\u010dn\u00e1 vig\u00edlia P\u00e1novho zm\u0155tvychvstania<\/em><\/td>\n\n\n<\/tr>\n\n\n\n\n<tr>\n\n\n<td rowspan=\"4\" width=\"72\">\n\n\n<h1>Nede\u013ea<\/h1>\n\n\n1.4.<\/td>\n\n\n\n\n<td rowspan=\"4\" width=\"142\"><strong>VE\u013dKONO\u010cN\u00c1 NEDE\u013dA <\/strong><\/td>\n\n\n\n\n<td width=\"43\">7.30<\/td>\n\n\n\n\n<td width=\"28\"><strong>A\u0160<\/strong><\/td>\n\n\n\n\n<td width=\"227\"><em>+ <\/em>otec Peter a\u00a0st. rodi\u010dia<\/td>\n\n\n<\/tr>\n\n\n\n\n<tr>\n\n\n<td width=\"43\">9.00<\/td>\n\n\n\n\n<td width=\"28\"><strong>MK<\/strong><\/td>\n\n\n\n\n<td width=\"227\">+Pavol<\/td>\n\n\n<\/tr>\n\n\n\n\n<tr>\n\n\n<td width=\"43\">10.30<\/td>\n\n\n\n\n<td width=\"28\"><strong>JV<\/strong><\/td>\n\n\n\n\n<td width=\"227\">za farn\u00edkov<\/td>\n\n\n<\/tr>\n\n\n\n\n<tr>\n\n\n<td width=\"43\">18.00<\/td>\n\n\n\n\n<td width=\"28\"><strong>JV<\/strong><\/td>\n\n\n\n\n<td width=\"227\">+ rodi\u010dia a\u00a0st. rodi\u010dia<\/td>\n\n\n<\/tr>\n\n\n<\/tbody>\n\n\n<\/table>\n\n\n<em>Inici\u00e1lky: JV \u2013 o. Juraj Vittek, A\u0160 \u2013 o. Andrej \u0160ottn\u00edk, MK \u2013 vdp. Martin Kramara<\/em>\n<strong>Pobo\u017enos\u0165 kr\u00ed\u017eovej cesty<\/strong>\nDnes o\u00a017:15 bude pobo\u017enos\u0165 kr\u00ed\u017eovej cesty.\n<strong>Katech\u00e9za pre dospel\u00fdch, detsk\u00e1 om\u0161a<\/strong>\nKatech\u00e9zy pre dospel\u00fdch bud\u00fa a\u017e po Ve\u013ekej Noci. V\u00a0stredu bude detsk\u00e1 sv. om\u0161a.\n<strong>Spovedanie pred Ve\u013ekou Nocou<\/strong>\nDnes (v nede\u013eu) bude spolo\u010dn\u00e9 spovedanie za \u00fa\u010dasti viacer\u00fdch k\u0148azov v\u00a0kostole Sedembolestnej Panny M\u00e1rie od 15.00 hod. Po\u010das ve\u010dernej om\u0161e preto u\u017e spoveda\u0165 nebudeme. V\u00a0pondelok bude spovedanie v\u00a0kostole Pov\u00fd\u0161enia sv. Kr\u00ed\u017ea na Daliborovom n\u00e1mest\u00ed od 15.00 hod. Pre v\u00fdnimo\u010dn\u00e9 pr\u00edpady v\u00a0na\u0161om kostole budeme spoveda\u0165 e\u0161te v utorok a\u00a0stredu od 17.00 hod. Pros\u00edme, aby ste si nenech\u00e1vali spove\u010f na posledn\u00e9 dni. Od \u0161tvrtku u\u017e nespoved\u00e1me.\n<strong>\u00daradn\u00e9 hodiny vo Ve\u013ekom t\u00fd\u017edni<\/strong>\nZ\u00a0d\u00f4vodu in\u00fdch pastora\u010dn\u00fdch povinnost\u00ed tento t\u00fd\u017ede\u0148 bud\u00fa \u00faradn\u00e9 hodiny iba v\u00a0stredu od 16:00-17:00h. V\u00a0naliehav\u00fdch pr\u00edpadoch sa V\u00e1m budeme radi venova\u0165 aj inokedy.\n<strong>Om\u0161a sv\u00e4tenia olejov na Zelen\u00fd \u0160tvrtok<\/strong>\nNa Zelen\u00fd \u0161tvrtok 29. marca o\u00a09.30 hod. bude v\u00a0Katedr\u00e1le sv. Martina v\u00a0Bratislave sl\u00e1vi\u0165 bratislavsk\u00fd arcibiskup Mons. Stanislav Zvolensk\u00fd spolu s\u00a0diec\u00e9znymi a\u00a0reho\u013en\u00fdmi k\u0148azmi Bratislavskej arcidiec\u00e9zy sv\u00e4t\u00fa om\u0161u sv\u00e4tenia olejov (<em>Missa chrismatis<\/em>), po\u010das ktorej si k\u0148azi obnovia k\u0148azsk\u00e9 s\u013euby a\u00a0p\u00e1n arcibiskup po\u017eehn\u00e1 a\u00a0posv\u00e4t\u00ed oleje pou\u017e\u00edvan\u00e9 pri vysluhovan\u00ed sviatost\u00ed. Povzbudzujeme k\u00a0\u00fa\u010dasti najm\u00e4 birmovancov.\n<strong>Ador\u00e1cia v\u00a0getsemanskej z\u00e1hrade<\/strong>\nNa Zelen\u00fd \u0161tvrtok po ve\u010dernej sv. om\u0161i bude otvoren\u00fd kostol na osobn\u00fa modlitbu s\u00a0Je\u017ei\u0161om v\u00a0getsemanskej z\u00e1hrade do polnoci.\n<strong>Pobo\u017enos\u0165 Kr\u00ed\u017eovej cesty<\/strong>\nNa Ve\u013ek\u00fd piatok poz\u00fdvame v\u0161etk\u00fdch farn\u00edkov na kr\u00ed\u017eov\u00fa cestu r\u00e1no po modlitbe liturgie hod\u00edn, ktor\u00e1 sa za\u010dne o\u00a07.30h a\u00a0ve\u010der o\u00a019.30h poz\u00fdvame na kr\u00ed\u017eov\u00fa cestu ulicami s\u00eddliska.\n<strong>Ador\u00e1cia v\u00a0Bo\u017eom hrobe<\/strong>\nPo piatkov\u00fdch obradoch bude vystaven\u00e1 Sviatos\u0165 Olt\u00e1rna na ador\u00e1ciu v\u00a0Bo\u017eom hrobe nepretr\u017eite a\u017e do r\u00e1na. A\u00a0po rannej liturgii hod\u00edn a\u017e do ve\u010dernej vig\u00edlie. Pros\u00edme, aby Eucharistia nezostala v\u00a0noci opusten\u00e1. Preto je vhodn\u00e9, aby ste sa zap\u00edsali na jednotliv\u00e9 hodiny pod\u013ea Va\u0161ich mo\u017enost\u00ed.\n<strong>Ve\u013ekono\u010dn\u00e1 ofera<\/strong>\nNa bud\u00facu nede\u013eu vykon\u00e1me po v\u0161etk\u00fdch sv. om\u0161iach ve\u013ekono\u010dn\u00fa oferu.\n<strong>Letn\u00fd detsk\u00fd t\u00e1bor LAB-orat\u00f3rium<\/strong>\nV\u0161etky deti na\u0161ej farnosti vo veku od 7-13 rokov poz\u00fdvame na farsk\u00fd letn\u00fd detsk\u00fd t\u00e1bor LAB-orat\u00f3rium. T\u00fato formu kres\u0165ansk\u00e9ho t\u00e1bora pln\u00e9ho kreativity, pr\u00ed\u0165a\u017elivosti, kult\u00farnej bohatosti, kres\u0165ansk\u00e9ho obsahu pripravujeme s\u00a0na\u0161\u00edm t\u00edmom mlad\u00fdch. S\u00a0t\u00fdmto druhom t\u00e1bora m\u00e1 na\u0161e Orat\u00f3rium sv\u00e4t\u00e9ho Filipa N\u00e9riho u\u017e dlhoro\u010dn\u00e9 sk\u00fasenosti. Tento rok spracujeme t\u00e9mu na\u0161ich slovensk\u00fdch sv\u00e4t\u00fdch s\u00a0tajomn\u00fdm n\u00e1zvom \u201eCheirag\u00f3gia \u2013 N\u00e1vod na pou(\u017eitie)\u201c. Viac sa deti dozvedia v\u00a0t\u00e1bore. J T\u00e1bor sa uskuto\u010dn\u00ed v\u00a0d\u0148och 29.j\u00fala-5.augusta v\u00a0Jedlin\u00e1ch (pod Tr\u00edbe\u010dom). Cena je 140 \u20ac. Prihl\u00e1\u0161ky bud\u00fa k\u00a0dispoz\u00edcii po Ve\u013ekej Noci. Die\u0165a m\u00f4\u017ete prihl\u00e1si\u0165 na farskom \u00farade alebo v\u00a0stredu po detskej om\u0161i.]]>\t\t<\/p>\n","protected":false},"excerpt":{"rendered":"<p>\t\t\t\t<![CDATA[\u00a0<br \/>]]>\t\t<\/p>\n","protected":false},"author":2,"featured_media":0,"comment_status":"closed","ping_status":"closed","sticky":false,"template":"","format":"standard","meta":{"footnotes":""},"categories":[11],"tags":[],"_links":{"self":[{"href":"https:\/\/svatarodina.fara.sk\/index.php?rest_route=\/wp\/v2\/posts\/4885"}],"collection":[{"href":"https:\/\/svatarodina.fara.sk\/index.php?rest_route=\/wp\/v2\/posts"}],"about":[{"href":"https:\/\/svatarodina.fara.sk\/index.php?rest_route=\/wp\/v2\/types\/post"}],"author":[{"embeddable":true,"href":"https:\/\/svatarodina.fara.sk\/index.php?rest_route=\/wp\/v2\/users\/2"}],"replies":[{"embeddable":true,"href":"https:\/\/svatarodina.fara.sk\/index.php?rest_route=%2Fwp%2Fv2%2Fcomments&post=4885"}],"version-history":[{"count":0,"href":"https:\/\/svatarodina.fara.sk\/index.php?rest_route=\/wp\/v2\/posts\/4885\/revisions"}],"wp:attachment":[{"href":"https:\/\/svatarodina.fara.sk\/index.php?rest_route=%2Fwp%2Fv2%2Fmedia&parent=4885"}],"wp:term":[{"taxonomy":"category","embeddable":true,"href":"https:\/\/svatarodina.fara.sk\/index.php?rest_route=%2Fwp%2Fv2%2Fcategories&post=4885"},{"taxonomy":"post_tag","embeddable":true,"href":"https:\/\/svatarodina.fara.sk\/index.php?rest_route=%2Fwp%2Fv2%2Ftags&post=4885"}],"curies":[{"name":"wp","href":"https:\/\/api.w.org\/{rel}","templated":true}]}}