{"id":4909,"date":"2018-04-01T13:27:12","date_gmt":"2018-04-01T12:27:12","guid":{"rendered":"http:\/\/fara.sk\/svatarodina\/?p=4909"},"modified":"2018-04-01T13:27:12","modified_gmt":"2018-04-01T12:27:12","slug":"aktualne-farske-oznamy-velkonocna-nedela-1-april-2018","status":"publish","type":"post","link":"https:\/\/svatarodina.fara.sk\/?p=4909","title":{"rendered":"Farsk\u00e9 oznamy (Ve\u013ekono\u010dn\u00e1 nede\u013ea, 1. apr\u00edl 2018)"},"content":{"rendered":"<p>\t\t\t\t<![CDATA[<strong>\u00a0<\/strong>\n\n\n<table width=\"512\">\n\n\n<tbody>\n\n\n<tr>\n\n\n<td colspan=\"2\" width=\"214\">\n\n\n<h1><strong>Liturgick\u00fd kalend\u00e1r<\/strong><\/h1>\n\n\n<\/td>\n\n\n\n\n<td colspan=\"3\" width=\"298\">\n\n\n<h2>\u00damysly<\/h2>\n\n\n<\/td>\n\n\n<\/tr>\n\n\n\n\n<tr>\n\n\n<td rowspan=\"4\" width=\"72\">\n\n\n<h1>Nede\u013ea<\/h1>\n\n\n1.4.<\/td>\n\n\n\n\n<td rowspan=\"4\" width=\"142\"><strong>VE\u013dKONO\u010cN\u00c1 NEDE\u013dA<\/strong><\/td>\n\n\n\n\n<td width=\"43\">7.30<\/td>\n\n\n\n\n<td width=\"28\"><strong>MG<\/strong><\/td>\n\n\n\n\n<td width=\"227\"><em>+ <\/em>otec Peter a\u00a0st. rodi\u010dia<\/td>\n\n\n<\/tr>\n\n\n\n\n<tr>\n\n\n<td width=\"43\">9.00<\/td>\n\n\n\n\n<td width=\"28\"><strong>MK<\/strong><\/td>\n\n\n\n\n<td width=\"227\">+ Pavol<\/td>\n\n\n<\/tr>\n\n\n\n\n<tr>\n\n\n<td width=\"43\">10.30<\/td>\n\n\n\n\n<td width=\"28\"><strong>JV<\/strong><\/td>\n\n\n\n\n<td width=\"227\">za farn\u00edkov<\/td>\n\n\n<\/tr>\n\n\n\n\n<tr>\n\n\n<td width=\"43\">18.00<\/td>\n\n\n\n\n<td width=\"28\"><strong>A\u0160<\/strong><\/td>\n\n\n\n\n<td width=\"227\">+ rodi\u010dia a\u00a0st. rodi\u010dia<\/td>\n\n\n<\/tr>\n\n\n\n\n<tr>\n\n\n<td rowspan=\"2\" width=\"72\">\n\n\n<h1>Pondelok<\/h1>\n\n\n2.4.<\/td>\n\n\n\n\n<td rowspan=\"2\" width=\"142\"><em>Ve\u013ekono\u010dn\u00fd pondelok<\/em><\/td>\n\n\n\n\n<td width=\"43\">7.30<\/td>\n\n\n\n\n<td width=\"28\"><strong>A\u0160<\/strong><\/td>\n\n\n\n\n<td width=\"227\">+ rodi\u010dia a\u00a0brat<\/td>\n\n\n<\/tr>\n\n\n\n\n<tr>\n\n\n<td width=\"43\">9.00<\/td>\n\n\n\n\n<td width=\"28\"><strong>JV<\/strong><\/td>\n\n\n\n\n<td width=\"227\">+ Karol, Margita, O\u013ega a Vladim\u00edr<\/td>\n\n\n<\/tr>\n\n\n\n\n<tr>\n\n\n<td rowspan=\"2\" width=\"72\"><strong>Utorok<\/strong>\n3.4.<\/td>\n\n\n\n\n<td rowspan=\"2\" width=\"142\"><em>Ve\u013ekono\u010dn\u00fd utorok<\/em><\/td>\n\n\n\n\n<td width=\"43\">7.00<\/td>\n\n\n\n\n<td width=\"28\"><strong>A\u0160<\/strong><\/td>\n\n\n\n\n<td width=\"227\">+ Jozef, rodi\u010dia a\u00a0star\u00ed rodi\u010dia<\/td>\n\n\n<\/tr>\n\n\n\n\n<tr>\n\n\n<td width=\"43\">18.00<\/td>\n\n\n\n\n<td width=\"28\"><strong>JV<\/strong><\/td>\n\n\n\n\n<td width=\"227\">+ pr\u00edbuzn\u00ed<\/td>\n\n\n<\/tr>\n\n\n\n\n<tr>\n\n\n<td rowspan=\"2\" width=\"72\"><strong>Streda<\/strong>\n4.4.<\/td>\n\n\n\n\n<td rowspan=\"2\" width=\"142\"><em>Ve\u013ekono\u010dn\u00e1 streda<\/em><\/td>\n\n\n\n\n<td width=\"43\">7.00<\/td>\n\n\n\n\n<td width=\"28\"><strong>MK<\/strong><\/td>\n\n\n\n\n<td width=\"227\">+ V\u00edt, Em\u00edlia a\u00a0star\u00ed rodi\u010dia<\/td>\n\n\n<\/tr>\n\n\n\n\n<tr>\n\n\n<td width=\"43\">18.00<\/td>\n\n\n\n\n<td width=\"28\"><strong>JV<\/strong><\/td>\n\n\n\n\n<td width=\"227\">po\u010fakovanie<\/td>\n\n\n<\/tr>\n\n\n\n\n<tr>\n\n\n<td rowspan=\"2\" width=\"72\"><strong>\u0160tvrtok<\/strong>\n5.4.<\/td>\n\n\n\n\n<td rowspan=\"2\" width=\"142\"><em>Ve\u013ekono\u010dn\u00fd \u0161tvrtok<\/em><\/td>\n\n\n\n\n<td width=\"43\">7:00<\/td>\n\n\n\n\n<td width=\"28\"><strong>A\u0160<\/strong><\/td>\n\n\n\n\n<td width=\"227\">za zdravie a\u00a0Bo\u017eiu pomoc pre rodinu<\/td>\n\n\n<\/tr>\n\n\n\n\n<tr>\n\n\n<td width=\"43\">18.00<\/td>\n\n\n\n\n<td width=\"28\"><strong>MK<\/strong><\/td>\n\n\n\n\n<td width=\"227\">po\u010fakovanie za 70 rokov \u017eivota<\/td>\n\n\n<\/tr>\n\n\n\n\n<tr>\n\n\n<td rowspan=\"2\" width=\"72\">\n\n\n<h1>Piatok<\/h1>\n\n\n6.4.<\/td>\n\n\n\n\n<td rowspan=\"2\" width=\"142\"><em>Ve\u013ekono\u010dn\u00fd piatok<\/em><\/td>\n\n\n\n\n<td width=\"43\">7.00<\/td>\n\n\n\n\n<td width=\"28\"><strong>MK<\/strong><\/td>\n\n\n\n\n<td width=\"227\">za zdravie a\u00a0Bo\u017eiu pomoc pre rodinu<\/td>\n\n\n<\/tr>\n\n\n\n\n<tr>\n\n\n<td width=\"43\">18.00<\/td>\n\n\n\n\n<td width=\"28\"><strong>A\u0160<\/strong><\/td>\n\n\n\n\n<td width=\"227\">za zdravie a\u00a0Bo\u017eiu pomoc pre rodinu<\/td>\n\n\n<\/tr>\n\n\n\n\n<tr>\n\n\n<td rowspan=\"2\" width=\"72\">\n\n\n<h1>Sobota<\/h1>\n\n\n7.4.<\/td>\n\n\n\n\n<td rowspan=\"2\" width=\"142\"><em>Ve\u013ekono\u010dn\u00e1 sobota<\/em><\/td>\n\n\n\n\n<td width=\"43\">8.00<\/td>\n\n\n\n\n<td width=\"28\"><strong>JV<\/strong><\/td>\n\n\n\n\n<td width=\"227\">za Ru\u017eencov\u00e9 bratstvo<\/td>\n\n\n<\/tr>\n\n\n\n\n<tr>\n\n\n<td width=\"43\"><\/td>\n\n\n\n\n<td width=\"28\"><strong>\u00a0<\/strong><\/td>\n\n\n\n\n<td width=\"227\"><em>\u00a0<\/em><\/td>\n\n\n<\/tr>\n\n\n\n\n<tr>\n\n\n<td rowspan=\"4\" width=\"72\">\n\n\n<h1>Nede\u013ea<\/h1>\n\n\n8.4.<\/td>\n\n\n\n\n<td rowspan=\"4\" width=\"142\"><strong>2. VE\u013dKONO\u010cN\u00c1 NEDE\u013dA <\/strong>\n(BO\u017dIEHO MILOSRDENSTVA)<\/td>\n\n\n\n\n<td width=\"43\">7.30<\/td>\n\n\n\n\n<td width=\"28\"><strong>MK<\/strong><\/td>\n\n\n\n\n<td width=\"227\">za zdravie a\u00a0Bo\u017eiu milos\u0165 pre dc\u00e9ry s\u00a0rodinami<\/td>\n\n\n<\/tr>\n\n\n\n\n<tr>\n\n\n<td width=\"43\">9.00<\/td>\n\n\n\n\n<td width=\"28\"><strong>JV<\/strong><\/td>\n\n\n\n\n<td width=\"227\">za zdravie a\u00a0Bo\u017eiu pomoc<\/td>\n\n\n<\/tr>\n\n\n\n\n<tr>\n\n\n<td width=\"43\">10.30<\/td>\n\n\n\n\n<td width=\"28\"><strong>A\u0160<\/strong><\/td>\n\n\n\n\n<td width=\"227\">za farn\u00edkov<\/td>\n\n\n<\/tr>\n\n\n\n\n<tr>\n\n\n<td width=\"43\">18.00<\/td>\n\n\n\n\n<td width=\"28\"><strong>JV<\/strong><\/td>\n\n\n\n\n<td width=\"227\">za uzdravenie Maxima a\u00a0Bo\u017eiu milos\u0165 pre rodinu<\/td>\n\n\n<\/tr>\n\n\n<\/tbody>\n\n\n<\/table>\n\n\n<em>Inici\u00e1lky: JV \u2013 o. Juraj Vittek, A\u0160 \u2013 o. Andrej \u0160ottn\u00edk, MK \u2013 vdp. Martin Kramara<\/em>\n<strong>\u00a0<\/strong>\n<strong>Po\u010fakovanie<\/strong>\nChceme sa po\u010fakova\u0165 v\u0161etk\u00fdm, ktor\u00ed sa obetavo podielali na pr\u00edprave a\u00a0priebehu d\u00f4stojn\u00e9ho sl\u00e1venia ve\u013ekono\u010dn\u00fdch obradov: pani kostoln\u00ed\u010dke a\u00a0jej dc\u00e9ram Andrejke a\u00a0Martinke za v\u00fdzdobu, organistom Martinovi, Milanovi, M\u00e1rii a spev\u00e1ckemu zboru, na\u0161im bohoslovcom, lektorom, koment\u00e1torke Janke, \u017ealmistom, mini\u0161trantom, v\u0161etk\u00fdm, ktor\u00ed sa zapojili do upratovania kostola i pastorka, skautom a ml\u00e1de\u017ei, ktor\u00ed pripravili kr\u00ed\u017eov\u00fa cestu ulicami n\u00e1\u0161ho s\u00eddliska a v\u0161etk\u00fdm ostatn\u00fdm, ktor\u00ed ak\u00fdmko\u013evek in\u00fdm sp\u00f4sobom prispeli k\u00a0d\u00f4stojn\u00e9mu sl\u00e1veniu sviatkov.\n<strong>Ve\u013ekono\u010dn\u00e1 ofera<\/strong>\nNa bud\u00facu nede\u013eu vykon\u00e1me po v\u0161etk\u00fdch sv. om\u0161iach ve\u013ekono\u010dn\u00fa oferu.\n<strong>Nede\u013ea Bo\u017eieho milosrdenstva<\/strong>\nKa\u017ed\u00fd, kto si v nede\u013eu Bo\u017eieho milosrdenstva pri verejnom vystaven\u00ed obrazu Bo\u017eieho milosrdenstva v kostole alebo v kaplnke n\u00e1bo\u017ene uct\u00ed tento obraz a spln\u00ed predp\u00edsan\u00e9 podmienky na z\u00edskanie \u00fapln\u00fdch odpustkov, a pomodl\u00ed sa Modlitbu P\u00e1na a Ver\u00edm v Boha a prid\u00e1 k tomu n\u00e1bo\u017en\u00fd vzdych vz\u00fdvaj\u00faci Bo\u017eie milosrdenstvo, m\u00f4\u017ee z\u00edska\u0165 \u00fapln\u00e9 odpustky pre seba alebo pre du\u0161e v o\u010distci.\n<strong>Palacinkov\u00e1 p\u00e1rty<\/strong>\nNa ve\u013ekono\u010dn\u00fd pondelok podve\u010der od 16.00h poz\u00fdvame ml\u00e1de\u017e do pastora\u010dn\u00e9ho centra na palacinkov\u00fa p\u00e1rty, ktor\u00e1 m\u00e1 u\u017e u\u00a0n\u00e1s trad\u00edciu. Je to pr\u00edle\u017eitos\u0165 str\u00e1vi\u0165 spolu \u010das, spozna\u0165 sa a\u00a0upevni\u0165 vz\u00e1jomn\u00e9 vz\u0165ahy.\n<strong>Katech\u00e9za pre dospel\u00fdch, detsk\u00e1 om\u0161a<\/strong>\nV\u00a0utorok po sv. om\u0161i bud\u00fa katech\u00e9zy pre dospel\u00fdch. V\u00a0stredu bude detsk\u00e1 sv. om\u0161a.\n<strong>Lectio divina<\/strong>\nV\u00a0stredu 4. apr\u00edla o\u00a020:00 bude bratislavsk\u00fd arcibiskup Mons. Stanislav Zvolensk\u00fd v\u00a0Katedr\u00e1le sv. Martina vies\u0165 modlitbov\u00e9 stretnutie sp\u00f4sobom Lectio divina s\u00a0n\u00e1zvom <em>\u201eJairova dc\u00e9ra sa vr\u00e1tila\u201c<\/em>.\n<strong>Stretnutie ru\u017eencov\u00e9ho bratstva<\/strong>\nRB oznamuje, \u017ee v\u00a0sobotu 8. apr\u00edla 2018 o\u00a07.30h bude stretnutie \u010dlenov ru\u017eencov\u00e9ho bratstva. Za\u010dne sa modlitbou sv. ru\u017eenca o\u00a07.30h a\u00a0po \u0148om o\u00a08.00h bude sv\u00e4t\u00e1 om\u0161a.\n<strong>Ve\u013ekono\u010dn\u00e9 po\u017eehnanie pr\u00edbytkov<\/strong>\nPo\u010das takmer \u00f4smich t\u00fd\u017ed\u0148ov ve\u013ekono\u010dn\u00e9ho obdobia si m\u00f4\u017eete da\u0165 po\u017eehna\u0165 dom alebo byt. Ak m\u00e1te z\u00e1ujem, m\u00f4\u017ete sa zap\u00edsa\u0165 v\u00a0sakristii.\n<strong>Letn\u00fd detsk\u00fd t\u00e1bor LAB-orat\u00f3rium<\/strong>\nV\u0161etky deti na\u0161ej farnosti vo veku od 7-13 rokov poz\u00fdvame na farsk\u00fd letn\u00fd detsk\u00fd t\u00e1bor LAB-orat\u00f3rium. T\u00fato formu kres\u0165ansk\u00e9ho t\u00e1bora pln\u00e9ho kreativity, pr\u00ed\u0165a\u017elivosti, kult\u00farnej bohatosti, kres\u0165ansk\u00e9ho obsahu pripravujeme s\u00a0na\u0161\u00edm t\u00edmom mlad\u00fdch. S\u00a0t\u00fdmto druhom t\u00e1bora m\u00e1 na\u0161e Orat\u00f3rium sv\u00e4t\u00e9ho Filipa N\u00e9riho u\u017e dlhoro\u010dn\u00e9 sk\u00fasenosti. Tento rok spracujeme t\u00e9mu na\u0161ich slovensk\u00fdch sv\u00e4t\u00fdch s\u00a0tajomn\u00fdm n\u00e1zvom \u201eCheirag\u00f3gia \u2013 N\u00e1vod na pou(\u017eitie)\u201c. Viac sa deti dozvedia v\u00a0t\u00e1bore. J T\u00e1bor sa uskuto\u010dn\u00ed v\u00a0d\u0148och 29. j\u00fala \u2013 5. augusta v\u00a0Jedlin\u00e1ch (pod Tr\u00edbe\u010dom). Cena je 140 \u20ac. Prihl\u00e1\u0161ky s\u00fa k dispoz\u00edcii v\u00a0sakristii a\u00a0<a href=\"http:\/\/svatarodina.fara.sk\/?p=4882\">na webe farnosti<\/a>. Die\u0165a m\u00f4\u017ete prihl\u00e1si\u0165 na farskom \u00farade alebo v\u00a0stredu po detskej om\u0161i.]]>\t\t<\/p>\n","protected":false},"excerpt":{"rendered":"<p>\t\t\t\t<![CDATA[\u00a0<br \/>]]>\t\t<\/p>\n","protected":false},"author":2,"featured_media":0,"comment_status":"closed","ping_status":"closed","sticky":false,"template":"","format":"standard","meta":{"footnotes":""},"categories":[11],"tags":[],"_links":{"self":[{"href":"https:\/\/svatarodina.fara.sk\/index.php?rest_route=\/wp\/v2\/posts\/4909"}],"collection":[{"href":"https:\/\/svatarodina.fara.sk\/index.php?rest_route=\/wp\/v2\/posts"}],"about":[{"href":"https:\/\/svatarodina.fara.sk\/index.php?rest_route=\/wp\/v2\/types\/post"}],"author":[{"embeddable":true,"href":"https:\/\/svatarodina.fara.sk\/index.php?rest_route=\/wp\/v2\/users\/2"}],"replies":[{"embeddable":true,"href":"https:\/\/svatarodina.fara.sk\/index.php?rest_route=%2Fwp%2Fv2%2Fcomments&post=4909"}],"version-history":[{"count":0,"href":"https:\/\/svatarodina.fara.sk\/index.php?rest_route=\/wp\/v2\/posts\/4909\/revisions"}],"wp:attachment":[{"href":"https:\/\/svatarodina.fara.sk\/index.php?rest_route=%2Fwp%2Fv2%2Fmedia&parent=4909"}],"wp:term":[{"taxonomy":"category","embeddable":true,"href":"https:\/\/svatarodina.fara.sk\/index.php?rest_route=%2Fwp%2Fv2%2Fcategories&post=4909"},{"taxonomy":"post_tag","embeddable":true,"href":"https:\/\/svatarodina.fara.sk\/index.php?rest_route=%2Fwp%2Fv2%2Ftags&post=4909"}],"curies":[{"name":"wp","href":"https:\/\/api.w.org\/{rel}","templated":true}]}}