{"id":4925,"date":"2018-04-13T22:43:27","date_gmt":"2018-04-13T21:43:27","guid":{"rendered":"http:\/\/fara.sk\/svatarodina\/?p=4925"},"modified":"2018-04-13T22:43:27","modified_gmt":"2018-04-13T21:43:27","slug":"aktualne-farske-oznamy-2-velkonocna-nedela-8-april-2018","status":"publish","type":"post","link":"https:\/\/svatarodina.fara.sk\/?p=4925","title":{"rendered":"Farsk\u00e9 oznamy (2. ve\u013ekono\u010dn\u00e1 nede\u013ea, 8. apr\u00edl 2018)"},"content":{"rendered":"<p>\t\t\t\t<![CDATA[<strong>\u00a0<\/strong>\n\n\n<table width=\"512\">\n\n\n<tbody>\n\n\n<tr>\n\n\n<td colspan=\"2\" width=\"214\">\n\n\n<h1><strong>Liturgick\u00fd kalend\u00e1r<\/strong><\/h1>\n\n\n<\/td>\n\n\n\n\n<td colspan=\"3\" width=\"298\">\n\n\n<h2>\u00damysly<\/h2>\n\n\n<\/td>\n\n\n<\/tr>\n\n\n\n\n<tr>\n\n\n<td rowspan=\"4\" width=\"72\">\n\n\n<h1>Nede\u013ea<\/h1>\n\n\n8.4.<\/td>\n\n\n\n\n<td rowspan=\"4\" width=\"142\"><strong>2. VE\u013dKONO\u010cN\u00c1 NEDE\u013dA <\/strong>\n(BO\u017dIEHO MILOSRDENSTVA)<\/td>\n\n\n\n\n<td width=\"43\">7.30<\/td>\n\n\n\n\n<td width=\"28\"><strong>MK<\/strong><\/td>\n\n\n\n\n<td width=\"227\">za zdravie a\u00a0Bo\u017eiu milos\u0165 pre dc\u00e9ry s\u00a0rodinami<\/td>\n\n\n<\/tr>\n\n\n\n\n<tr>\n\n\n<td width=\"43\">9.00<\/td>\n\n\n\n\n<td width=\"28\"><strong>JV<\/strong><\/td>\n\n\n\n\n<td width=\"227\">za zdravie a\u00a0Bo\u017eiu pomoc<\/td>\n\n\n<\/tr>\n\n\n\n\n<tr>\n\n\n<td width=\"43\">10.30<\/td>\n\n\n\n\n<td width=\"28\"><strong>A\u0160<\/strong><\/td>\n\n\n\n\n<td width=\"227\">za farn\u00edkov<\/td>\n\n\n<\/tr>\n\n\n\n\n<tr>\n\n\n<td width=\"43\">18.00<\/td>\n\n\n\n\n<td width=\"28\"><strong>JV<\/strong><\/td>\n\n\n\n\n<td width=\"227\">za uzdravenie Maxima a\u00a0Bo\u017eiu pomoc pre rodinu<\/td>\n\n\n<\/tr>\n\n\n\n\n<tr>\n\n\n<td rowspan=\"2\" width=\"72\">\n\n\n<h1>Pondelok<\/h1>\n\n\n9.4.<\/td>\n\n\n\n\n<td rowspan=\"2\" width=\"142\"><strong><em>Zvestovanie P\u00e1na, sl\u00e1vnos\u0165<\/em><\/strong><\/td>\n\n\n\n\n<td width=\"43\">7.00<\/td>\n\n\n\n\n<td width=\"28\"><strong>A\u0160<\/strong><\/td>\n\n\n\n\n<td width=\"227\">za zdravie a\u00a0Bo\u017eiu pomoc a\u00a0za obr\u00e1tenie rodiny<\/td>\n\n\n<\/tr>\n\n\n\n\n<tr>\n\n\n<td width=\"43\">18.00<\/td>\n\n\n\n\n<td width=\"28\"><strong>JV<\/strong><\/td>\n\n\n\n\n<td width=\"227\">+ Jozef, Irena a Anna<\/td>\n\n\n<\/tr>\n\n\n\n\n<tr>\n\n\n<td rowspan=\"2\" width=\"72\"><strong>Utorok<\/strong>\n10.4.<\/td>\n\n\n\n\n<td rowspan=\"2\" width=\"142\"><em>\u00a0<\/em><\/td>\n\n\n\n\n<td width=\"43\">7.00<\/td>\n\n\n\n\n<td width=\"28\"><strong>A\u0160<\/strong><\/td>\n\n\n\n\n<td width=\"227\">+ Anna<\/td>\n\n\n<\/tr>\n\n\n\n\n<tr>\n\n\n<td width=\"43\">18.00<\/td>\n\n\n\n\n<td width=\"28\"><strong>JV<\/strong><\/td>\n\n\n\n\n<td width=\"227\">+ Ferdinand a s\u00farodenci<\/td>\n\n\n<\/tr>\n\n\n\n\n<tr>\n\n\n<td rowspan=\"2\" width=\"72\"><strong>Streda<\/strong>\n11.4.<\/td>\n\n\n\n\n<td rowspan=\"2\" width=\"142\"><em>Sv. Stanislava, biskupa a\u00a0mu\u010den\u00edka, spomienka<\/em><\/td>\n\n\n\n\n<td width=\"43\">7.00<\/td>\n\n\n\n\n<td width=\"28\"><strong>A\u0160<\/strong><\/td>\n\n\n\n\n<td width=\"227\">+ otec Pavol<\/td>\n\n\n<\/tr>\n\n\n\n\n<tr>\n\n\n<td width=\"43\">18.00<\/td>\n\n\n\n\n<td width=\"28\"><strong>JV<\/strong><\/td>\n\n\n\n\n<td width=\"227\">+ rodi\u010dia z\u00a0oboch str\u00e1n<\/td>\n\n\n<\/tr>\n\n\n\n\n<tr>\n\n\n<td rowspan=\"2\" width=\"72\"><strong>\u0160tvrtok<\/strong>\n12.4.<\/td>\n\n\n\n\n<td rowspan=\"2\" width=\"142\"><em>\u00a0<\/em><\/td>\n\n\n\n\n<td width=\"43\">7:00<\/td>\n\n\n\n\n<td width=\"28\"><strong>JV<\/strong><\/td>\n\n\n\n\n<td width=\"227\">+ Zuzana<\/td>\n\n\n<\/tr>\n\n\n\n\n<tr>\n\n\n<td width=\"43\">18.00<\/td>\n\n\n\n\n<td width=\"28\"><strong>A\u0160<\/strong><\/td>\n\n\n\n\n<td width=\"227\">+ man\u017eel \u0160tefan a\u00a0rodi\u010dia z\u00a0oboch str\u00e1n<\/td>\n\n\n<\/tr>\n\n\n\n\n<tr>\n\n\n<td rowspan=\"2\" width=\"72\">\n\n\n<h1>Piatok<\/h1>\n\n\n13.4.<\/td>\n\n\n\n\n<td rowspan=\"2\" width=\"142\"><em>\u00a0<\/em><\/td>\n\n\n\n\n<td width=\"43\">7.00<\/td>\n\n\n\n\n<td width=\"28\"><strong>JV<\/strong><\/td>\n\n\n\n\n<td width=\"227\">+ star\u00ed rodi\u010dia Margita a Michal<\/td>\n\n\n<\/tr>\n\n\n\n\n<tr>\n\n\n<td width=\"43\">18.00<\/td>\n\n\n\n\n<td width=\"28\"><strong>A\u0160<\/strong><\/td>\n\n\n\n\n<td width=\"227\">+ M\u00e1ria, Nata\u0161a a\u00a0Viera<\/td>\n\n\n<\/tr>\n\n\n\n\n<tr>\n\n\n<td rowspan=\"2\" width=\"72\">\n\n\n<h1>Sobota<\/h1>\n\n\n14.4.<\/td>\n\n\n\n\n<td rowspan=\"2\" width=\"142\"><em>\u00a0<\/em><\/td>\n\n\n\n\n<td width=\"43\">7.30<\/td>\n\n\n\n\n<td width=\"28\"><strong>A\u0160<\/strong><\/td>\n\n\n\n\n<td width=\"227\">za Bo\u017eie po\u017eehnanie pre rodinu<\/td>\n\n\n<\/tr>\n\n\n\n\n<tr>\n\n\n<td width=\"43\">&nbsp;<\/td>\n\n\n\n\n<td width=\"28\"><strong>\u00a0<\/strong><\/td>\n\n\n\n\n<td width=\"227\"><em>\u00a0<\/em><\/td>\n\n\n<\/tr>\n\n\n\n\n<tr>\n\n\n<td rowspan=\"4\" width=\"72\">\n\n\n<h1>Nede\u013ea<\/h1>\n\n\n15.4.<\/td>\n\n\n\n\n<td rowspan=\"4\" width=\"142\"><strong>3. VE\u013dKONO\u010cN\u00c1 NEDE\u013dA <\/strong><\/td>\n\n\n\n\n<td width=\"43\">7.30<\/td>\n\n\n\n\n<td width=\"28\"><strong>JV<\/strong><\/td>\n\n\n\n\n<td width=\"227\">+ rodi\u010dia, brat a\u00a0svokrovci<\/td>\n\n\n<\/tr>\n\n\n\n\n<tr>\n\n\n<td width=\"43\">9.00<\/td>\n\n\n\n\n<td width=\"28\"><strong>MK<\/strong><\/td>\n\n\n\n\n<td width=\"227\">za Bo\u017eiu pomoc pre rodinu a\u00a0za upevnenie viery<\/td>\n\n\n<\/tr>\n\n\n\n\n<tr>\n\n\n<td width=\"43\">10.30<\/td>\n\n\n\n\n<td width=\"28\"><strong>JV<\/strong><\/td>\n\n\n\n\n<td width=\"227\">za farn\u00edkov<\/td>\n\n\n<\/tr>\n\n\n\n\n<tr>\n\n\n<td width=\"43\">18.00<\/td>\n\n\n\n\n<td width=\"28\"><strong>A\u0160<\/strong><\/td>\n\n\n\n\n<td width=\"227\">+ dc\u00e9ra Zuzana, man\u017eel a\u00a0rodi\u010dia z\u00a0oboch str\u00e1n<\/td>\n\n\n<\/tr>\n\n\n<\/tbody>\n\n\n<\/table>\n\n\n<em>Inici\u00e1lky: JV \u2013 o. Juraj Vittek, A\u0160 \u2013 o. Andrej \u0160ottn\u00edk, MK \u2013 vdp. Martin Kramara<\/em>\n<strong>\u00a0<\/strong>\n<strong>Nede\u013ea Bo\u017eieho milosrdenstva<\/strong>\nDnes je nede\u013ea Bo\u017eieho milosrdenstva. Ka\u017ed\u00fd, kto si dnes pri verejnom vystaven\u00ed obrazu Bo\u017eieho milosrdenstva v kostole alebo v kaplnke n\u00e1bo\u017ene uct\u00ed tento obraz a spln\u00ed predp\u00edsan\u00e9 podmienky na z\u00edskanie \u00fapln\u00fdch odpustkov, a pomodl\u00ed sa Modlitbu P\u00e1na a Ver\u00edm v Boha a prid\u00e1 k tomu n\u00e1bo\u017en\u00fd vzdych vz\u00fdvaj\u00faci Bo\u017eie milosrdenstvo, m\u00f4\u017ee z\u00edska\u0165 \u00fapln\u00e9 odpustky pre seba alebo pre du\u0161e v o\u010distci.\n<strong>Stretnutie seniorov<\/strong>\nV\u00a0pondelok 12. marca o\u00a015.30h bude v\u00a0Pastora\u010dnom centre stretnutie Klubu kres\u0165ansk\u00fdch seniorov. Program a\u00a0pozv\u00e1nka s\u00fa na n\u00e1stenke pri vchode do kostola. Ste srde\u010dne pozvan\u00ed.\n<strong>Katech\u00e9za pre dospel\u00fdch, detsk\u00e1 om\u0161a, birmovanci<\/strong>\nV\u00a0utorok po sv. om\u0161i bud\u00fa katech\u00e9zy pre dospel\u00fdch. V\u00a0stredu bude detsk\u00e1 sv. om\u0161a. V\u00a0piatok po sv. om\u0161i bude stretnutie birmovancov.\n<strong>Duchovn\u00e1 obnova pre mlad\u00fdch<\/strong>\nJezuitsk\u00ed mlad\u00ed zo spolo\u010denstva Magis poz\u00fdvaj\u00fa v\u0161etk\u00fdch vo veku od 18 do 35 rokov na duchovn\u00fa obnovu na t\u00e9mu: Priatelia v P\u00e1novi. Obnova sa uskuto\u010dn\u00ed v sobotu 14. apr\u00edla v priestoroch Teologickej fakulty Trnavskej univerzity pri Primaci\u00e1lnom n\u00e1mest\u00ed v Bratislave so za\u010diatkom o\u00a015.00 hod.\n<strong>P\u00fate<\/strong>\nFarnos\u0165 B\u00e1\u010d a\u00a0Bratislavsk\u00e1 arcidiec\u00e9za poz\u00fdvaj\u00fa v prv\u00fa m\u00e1jov\u00fa nede\u013eu 6. m\u00e1ja 2018 p\u00fa\u0165 k Slziacej Panne M\u00e1rii v B\u00e1\u010di. Cel\u00fd duchovn\u00fd program od 15.00 hod. bude v slovenskom jazyku. Sv. om\u0161u o 17.00 hod. bude celebrova\u0165 otec arcibiskup Mons. Stanislav Zvolensk\u00fd. Po sv\u00e4tej om\u0161i prostredn\u00edctvom prezent\u00e1cie bude predstaven\u00e9 p\u00fatnick\u00e9 miesto. V\u00a0sobotu 5. m\u00e1ja 2018 sa bude kona\u0165\u00a0<em>14. Rozhlasov\u00e1 p\u00fa\u0165 R\u00e1dia Lumen<\/em>\u00a0do Sanktu\u00e1ria Bo\u017eieho milosrdenstva v\u00a0Krakove. V\u00a0sobotu 14. apr\u00edla 2018 sa bude kona\u0165\u00a012. ro\u010dn\u00edk\u00a0<em>P\u00fate mu\u017eov<\/em>\u00a0do N\u00e1rodnej sv\u00e4tyne Sedembolestnej Panny M\u00e1rie v \u0160a\u0161t\u00edne. Viac inform\u00e1ci\u00ed n\u00e1jdete na plag\u00e1tikoch na n\u00e1stenke.\n<strong>T\u00e1bor rod\u00edn<\/strong>\nPoz\u00fdvame rodiny na Farsk\u00fd rodinn\u00fd t\u00e1bor, ktor\u00fd sa uskuto\u010dn\u00ed 8. &#8211; 12. augusta v zariaden\u00ed Rodinkovo v Belu\u0161sk\u00fdch Slatin\u00e1ch. Podrobnosti a kontakty n\u00e1jdete na v\u00fdveske pri v\u00fdchode z kostola.\n<strong>Letn\u00fd detsk\u00fd t\u00e1bor LAB-orat\u00f3rium<\/strong>\nV\u0161etky deti na\u0161ej farnosti vo veku od 7-13 rokov poz\u00fdvame na farsk\u00fd letn\u00fd detsk\u00fd t\u00e1bor LAB-orat\u00f3rium. T\u00fato formu kres\u0165ansk\u00e9ho t\u00e1bora pln\u00e9ho kreativity, pr\u00ed\u0165a\u017elivosti, kult\u00farnej bohatosti, kres\u0165ansk\u00e9ho obsahu pripravujeme s\u00a0na\u0161\u00edm t\u00edmom mlad\u00fdch. S\u00a0t\u00fdmto druhom t\u00e1bora m\u00e1 na\u0161e Orat\u00f3rium sv\u00e4t\u00e9ho Filipa N\u00e9riho u\u017e dlhoro\u010dn\u00e9 sk\u00fasenosti. Tento rok spracujeme t\u00e9mu na\u0161ich slovensk\u00fdch sv\u00e4t\u00fdch s\u00a0tajomn\u00fdm n\u00e1zvom \u201eCheirag\u00f3gia \u2013 N\u00e1vod na pou(\u017eitie)\u201c. Viac sa deti dozvedia v\u00a0t\u00e1bore. JT\u00e1bor sa uskuto\u010dn\u00ed v\u00a0d\u0148och 29. j\u00fala \u2013 5. augusta v\u00a0Jedlin\u00e1ch (pod Tr\u00edbe\u010dom). Cena je 140 \u20ac. Prihl\u00e1\u0161ky s\u00fa k dispoz\u00edcii v\u00a0sakristii a\u00a0na webe farnosti. Die\u0165a m\u00f4\u017ete prihl\u00e1si\u0165 na farskom \u00farade alebo v\u00a0stredu po detskej om\u0161i.]]>\t\t<\/p>\n","protected":false},"excerpt":{"rendered":"<p>\t\t\t\t<![CDATA[\u00a0<br \/>]]>\t\t<\/p>\n","protected":false},"author":2,"featured_media":0,"comment_status":"closed","ping_status":"closed","sticky":false,"template":"","format":"standard","meta":{"footnotes":""},"categories":[11],"tags":[],"_links":{"self":[{"href":"https:\/\/svatarodina.fara.sk\/index.php?rest_route=\/wp\/v2\/posts\/4925"}],"collection":[{"href":"https:\/\/svatarodina.fara.sk\/index.php?rest_route=\/wp\/v2\/posts"}],"about":[{"href":"https:\/\/svatarodina.fara.sk\/index.php?rest_route=\/wp\/v2\/types\/post"}],"author":[{"embeddable":true,"href":"https:\/\/svatarodina.fara.sk\/index.php?rest_route=\/wp\/v2\/users\/2"}],"replies":[{"embeddable":true,"href":"https:\/\/svatarodina.fara.sk\/index.php?rest_route=%2Fwp%2Fv2%2Fcomments&post=4925"}],"version-history":[{"count":0,"href":"https:\/\/svatarodina.fara.sk\/index.php?rest_route=\/wp\/v2\/posts\/4925\/revisions"}],"wp:attachment":[{"href":"https:\/\/svatarodina.fara.sk\/index.php?rest_route=%2Fwp%2Fv2%2Fmedia&parent=4925"}],"wp:term":[{"taxonomy":"category","embeddable":true,"href":"https:\/\/svatarodina.fara.sk\/index.php?rest_route=%2Fwp%2Fv2%2Fcategories&post=4925"},{"taxonomy":"post_tag","embeddable":true,"href":"https:\/\/svatarodina.fara.sk\/index.php?rest_route=%2Fwp%2Fv2%2Ftags&post=4925"}],"curies":[{"name":"wp","href":"https:\/\/api.w.org\/{rel}","templated":true}]}}