{"id":4928,"date":"2018-04-14T23:12:13","date_gmt":"2018-04-14T22:12:13","guid":{"rendered":"http:\/\/fara.sk\/svatarodina\/?p=4928"},"modified":"2018-04-14T23:12:13","modified_gmt":"2018-04-14T22:12:13","slug":"aktualne-farske-oznamy-3-velkonocna-nedela-15-april-2018","status":"publish","type":"post","link":"https:\/\/svatarodina.fara.sk\/?p=4928","title":{"rendered":"Farsk\u00e9 oznamy (3. ve\u013ekono\u010dn\u00e1 nede\u013ea, 15. apr\u00edl 2018)"},"content":{"rendered":"<p>\t\t\t\t<![CDATA[&nbsp;\n\n\n<table width=\"512\">\n\n\n<tbody>\n\n\n<tr>\n\n\n<td colspan=\"2\" width=\"214\">\n\n\n<h1><strong>Liturgick\u00fd kalend\u00e1r<\/strong><\/h1>\n\n\n<\/td>\n\n\n\n\n<td colspan=\"3\" width=\"298\">\n\n\n<h2>\u00damysly<\/h2>\n\n\n<\/td>\n\n\n<\/tr>\n\n\n\n\n<tr>\n\n\n<td rowspan=\"4\" width=\"72\">\n\n\n<h1>Nede\u013ea<\/h1>\n\n\n15.4.<\/td>\n\n\n\n\n<td rowspan=\"4\" width=\"142\"><strong>3. VE\u013dKONO\u010cN\u00c1 NEDE\u013dA <\/strong><\/td>\n\n\n\n\n<td width=\"43\">7.30<\/td>\n\n\n\n\n<td width=\"28\"><strong>A\u0160<\/strong><\/td>\n\n\n\n\n<td width=\"227\">+ rodi\u010dia, brat a\u00a0svokrovci<\/td>\n\n\n<\/tr>\n\n\n\n\n<tr>\n\n\n<td width=\"43\">9.00<\/td>\n\n\n\n\n<td width=\"28\"><strong>MK<\/strong><\/td>\n\n\n\n\n<td width=\"227\">za Bo\u017eiu pomoc pre rodinu a\u00a0za upevnenie viery<\/td>\n\n\n<\/tr>\n\n\n\n\n<tr>\n\n\n<td width=\"43\">10.30<\/td>\n\n\n\n\n<td width=\"28\"><strong>A\u0160<\/strong><\/td>\n\n\n\n\n<td width=\"227\">za farn\u00edkov<\/td>\n\n\n<\/tr>\n\n\n\n\n<tr>\n\n\n<td width=\"43\">18.00<\/td>\n\n\n\n\n<td width=\"28\"><strong>JV<\/strong><\/td>\n\n\n\n\n<td width=\"227\">+ dc\u00e9ra Zuzana, man\u017eel a\u00a0rodi\u010dia z\u00a0oboch str\u00e1n<\/td>\n\n\n<\/tr>\n\n\n\n\n<tr>\n\n\n<td rowspan=\"2\" width=\"72\">\n\n\n<h1>Pondelok<\/h1>\n\n\n16.4.<\/td>\n\n\n\n\n<td rowspan=\"2\" width=\"142\"><em>\u00a0<\/em><\/td>\n\n\n\n\n<td width=\"43\">7.00<\/td>\n\n\n\n\n<td width=\"28\"><strong>MK<\/strong><\/td>\n\n\n\n\n<td width=\"227\">+man\u017eel Pavol a\u00a0rodi\u010dia<\/td>\n\n\n<\/tr>\n\n\n\n\n<tr>\n\n\n<td width=\"43\">18.00<\/td>\n\n\n\n\n<td width=\"28\"><strong>A\u0160<\/strong><\/td>\n\n\n\n\n<td width=\"227\">+otec Vladim\u00edr, +mama Anna (10. v\u00fdro\u010die)<\/td>\n\n\n<\/tr>\n\n\n\n\n<tr>\n\n\n<td rowspan=\"2\" width=\"72\"><strong>Utorok<\/strong>\n17.4.<\/td>\n\n\n\n\n<td rowspan=\"2\" width=\"142\"><em>\u00a0<\/em><\/td>\n\n\n\n\n<td width=\"43\">7.00<\/td>\n\n\n\n\n<td width=\"28\"><strong>A\u0160<\/strong><\/td>\n\n\n\n\n<td width=\"227\">za Bo\u017eie po\u017eehnanie pre M\u00e1riu<\/td>\n\n\n<\/tr>\n\n\n\n\n<tr>\n\n\n<td width=\"43\">18.00<\/td>\n\n\n\n\n<td width=\"28\"><strong>JV<\/strong><\/td>\n\n\n\n\n<td width=\"227\">+st. rodi\u010dia z\u00a0oboch str\u00e1n<\/td>\n\n\n<\/tr>\n\n\n\n\n<tr>\n\n\n<td rowspan=\"2\" width=\"72\"><strong>Streda<\/strong>\n18.4.<\/td>\n\n\n\n\n<td rowspan=\"2\" width=\"142\"><em>\u00a0<\/em><\/td>\n\n\n\n\n<td width=\"43\">7.00<\/td>\n\n\n\n\n<td width=\"28\"><strong>A\u0160<\/strong><\/td>\n\n\n\n\n<td width=\"227\">+rodi\u010dia a\u00a0star\u00ed rodi\u010dia<\/td>\n\n\n<\/tr>\n\n\n\n\n<tr>\n\n\n<td width=\"43\">18.00<\/td>\n\n\n\n\n<td width=\"28\"><strong>JV<\/strong><\/td>\n\n\n\n\n<td width=\"227\">+star\u00ed rodi\u010dia a\u00a0krstn\u00ed rodi\u010dia z\u00a0oboch str\u00e1n<\/td>\n\n\n<\/tr>\n\n\n\n\n<tr>\n\n\n<td rowspan=\"2\" width=\"72\"><strong>\u0160tvrtok<\/strong>\n19.4.<\/td>\n\n\n\n\n<td rowspan=\"2\" width=\"142\"><em>\u00a0<\/em><\/td>\n\n\n\n\n<td width=\"43\">7:00<\/td>\n\n\n\n\n<td width=\"28\"><strong>A\u0160<\/strong><\/td>\n\n\n\n\n<td width=\"227\">+Ji\u0159\u00ed a\u00a0rodi\u010dia<\/td>\n\n\n<\/tr>\n\n\n\n\n<tr>\n\n\n<td width=\"43\">18.00<\/td>\n\n\n\n\n<td width=\"28\"><strong>JV<\/strong><\/td>\n\n\n\n\n<td width=\"227\">+rodi\u010dia Ladislav, Aur\u00e9lia, \u013dudov\u00edt a\u00a0sestra Ter\u00e9zia<\/td>\n\n\n<\/tr>\n\n\n\n\n<tr>\n\n\n<td rowspan=\"2\" width=\"72\">\n\n\n<h1>Piatok<\/h1>\n\n\n20.4.<\/td>\n\n\n\n\n<td rowspan=\"2\" width=\"142\"><em>\u00a0<\/em><\/td>\n\n\n\n\n<td width=\"43\">7.00<\/td>\n\n\n\n\n<td width=\"28\"><strong>JV<\/strong><\/td>\n\n\n\n\n<td width=\"227\">+rodi\u010dia Hedviga a\u00a0Milan<\/td>\n\n\n<\/tr>\n\n\n\n\n<tr>\n\n\n<td width=\"43\">18.00<\/td>\n\n\n\n\n<td width=\"28\"><strong>A\u0160<\/strong><\/td>\n\n\n\n\n<td width=\"227\">za l\u00e1sku, zdravie a\u00a0porozumenie v\u00a0rodine<\/td>\n\n\n<\/tr>\n\n\n\n\n<tr>\n\n\n<td rowspan=\"2\" width=\"72\">\n\n\n<h1>Sobota<\/h1>\n\n\n21.4.<\/td>\n\n\n\n\n<td rowspan=\"2\" width=\"142\"><em>\u00a0<\/em><\/td>\n\n\n\n\n<td width=\"43\">7.30<\/td>\n\n\n\n\n<td width=\"28\"><strong>JV<\/strong><\/td>\n\n\n\n\n<td width=\"227\">na \u00famysel (za farn\u00edkov)<\/td>\n\n\n<\/tr>\n\n\n\n\n<tr>\n\n\n<td width=\"43\">&nbsp;<\/td>\n\n\n\n\n<td width=\"28\"><strong>\u00a0<\/strong><\/td>\n\n\n\n\n<td width=\"227\"><em>\u00a0<\/em><\/td>\n\n\n<\/tr>\n\n\n\n\n<tr>\n\n\n<td rowspan=\"4\" width=\"72\">\n\n\n<h1>Nede\u013ea<\/h1>\n\n\n22.4.<\/td>\n\n\n\n\n<td rowspan=\"4\" width=\"142\"><strong>4. VE\u013dKONO\u010cN\u00c1 NEDE\u013dA <\/strong><\/td>\n\n\n\n\n<td width=\"43\">7.30<\/td>\n\n\n\n\n<td width=\"28\"><strong>JV<\/strong><\/td>\n\n\n\n\n<td width=\"227\">+man\u017eel Stanislav<\/td>\n\n\n<\/tr>\n\n\n\n\n<tr>\n\n\n<td width=\"43\">9.00<\/td>\n\n\n\n\n<td width=\"28\"><strong>A\u0160<\/strong><\/td>\n\n\n\n\n<td width=\"227\">+rodi\u010dia Hedviga a\u00a0\u0160tefan<\/td>\n\n\n<\/tr>\n\n\n\n\n<tr>\n\n\n<td width=\"43\">10.30<\/td>\n\n\n\n\n<td width=\"28\"><strong>JV<\/strong><\/td>\n\n\n\n\n<td width=\"227\">ako po\u010fakovanie a\u00a0za Bo\u017eie po\u017eehnanie pri pr\u00edle\u017eitosti 40. v\u00fdro\u010dia sob\u00e1\u0161a<\/td>\n\n\n<\/tr>\n\n\n\n\n<tr>\n\n\n<td width=\"43\">18.00<\/td>\n\n\n\n\n<td width=\"28\"><strong>A\u0160<\/strong><\/td>\n\n\n\n\n<td width=\"227\">za Bo\u017eiu pomoc a\u00a0po\u017eehnanie v rodine<\/td>\n\n\n<\/tr>\n\n\n<\/tbody>\n\n\n<\/table>\n\n\n<em>Inici\u00e1lky: JV \u2013 o. Juraj Vittek, A\u0160 \u2013 o. Andrej \u0160ottn\u00edk, MK \u2013 vdp. Martin Kramara, MV \u2013 vdp. Mari\u00e1n Val\u00e1bek, SDB<\/em>\n<strong>\u00a0<\/strong>\n<strong>Zbierka na semin\u00e1r, modlitby za duchovn\u00e9 povolania<\/strong>\nDnes sa za\u010d\u00edna t\u00fd\u017ede\u0148 modlitieb za duchovn\u00e9 povolania. V\u00a0pondelok bude na tento \u00famysel ador\u00e1cia. Bud\u00faca nede\u013ea je nede\u013eou Dobr\u00e9ho Pastiera a po v\u0161etk\u00fdch sv\u00e4t\u00fdch om\u0161iach vykon\u00e1me zbierku na semin\u00e1r.\n<strong>Katech\u00e9za pre dospel\u00fdch, detsk\u00e1 om\u0161a, rodi\u010dia birmovancov<\/strong>\nV\u00a0utorok po sv. om\u0161i bude ma\u0165 katech\u00e9zu skupina o. Juraja. Skupina o. Andreja bude ma\u0165 katech\u00e9zu v\u00a0stredu po sv. om\u0161i. V\u00a0stredu bude detsk\u00e1 sv. om\u0161a. Vo \u0161tvrtok ve\u010der po sv. om\u0161i bude kr\u00e1tke organiza\u010dn\u00e9 stretnutie pred birmovkou s\u00a0rodi\u010dmi birmovancov.\n<strong>T\u00e1bor rod\u00edn<\/strong>\nPoz\u00fdvame rodiny na Farsk\u00fd rodinn\u00fd t\u00e1bor, ktor\u00fd sa uskuto\u010dn\u00ed 8. &#8211; 12. augusta v zariaden\u00ed Rodinkovo v Belu\u0161sk\u00fdch Slatin\u00e1ch. Podrobnosti a kontakty n\u00e1jdete na v\u00fdveske pri v\u00fdchode z kostola.\n<strong>Letn\u00fd detsk\u00fd t\u00e1bor LAB-orat\u00f3rium<\/strong>\nV\u0161etky deti na\u0161ej farnosti vo veku od 7-13 rokov poz\u00fdvame na farsk\u00fd letn\u00fd detsk\u00fd t\u00e1bor LAB-orat\u00f3rium. T\u00fato formu kres\u0165ansk\u00e9ho t\u00e1bora pln\u00e9ho kreativity, pr\u00ed\u0165a\u017elivosti, kult\u00farnej bohatosti, kres\u0165ansk\u00e9ho obsahu pripravujeme s\u00a0na\u0161\u00edm t\u00edmom mlad\u00fdch. S\u00a0t\u00fdmto druhom t\u00e1bora m\u00e1 na\u0161e Orat\u00f3rium sv\u00e4t\u00e9ho Filipa N\u00e9riho u\u017e dlhoro\u010dn\u00e9 sk\u00fasenosti. Tento rok spracujeme t\u00e9mu na\u0161ich slovensk\u00fdch sv\u00e4t\u00fdch s\u00a0tajomn\u00fdm n\u00e1zvom \u201eCheirag\u00f3gia \u2013 N\u00e1vod na pou(\u017eitie)\u201c. Viac sa deti dozvedia v\u00a0t\u00e1bore. JT\u00e1bor sa uskuto\u010dn\u00ed v\u00a0d\u0148och 29. j\u00fala \u2013 5. augusta v\u00a0Jedlin\u00e1ch (pod Tr\u00edbe\u010dom). Cena je 140 \u20ac. Prihl\u00e1\u0161ky s\u00fa k dispoz\u00edcii v\u00a0sakristii a\u00a0na webe farnosti. Die\u0165a m\u00f4\u017ete prihl\u00e1si\u0165 na farskom \u00farade alebo v\u00a0stredu po detskej om\u0161i.\n<strong>BHD<\/strong>\nSpolo\u010denstvo Ladislava Hanusa poz\u00fdva na kres\u0165ansk\u00fd akademick\u00fd festival Bratislavsk\u00e9 Hanusove dni, ktor\u00fd bude prebieha\u0165 od piatka 20. apr\u00edla a\u017e do soboty 28. apr\u00edla v divadle Mal\u00e1 sc\u00e9na na Dostojevsk\u00e9ho rad v Bratislave.\u00a0 V priebehu t\u00fd\u017ed\u0148a vyst\u00fapia okrem in\u00e9ho kardin\u00e1l Raymond Leo Burke a b\u00fdval\u00fd taliansky minister Rocco Buttiglione. Podrobn\u00fd program cel\u00e9ho festivalu mo\u017eno n\u00e1js\u0165 na internetovej str\u00e1nke\u00a0<a href=\"http:\/\/www.bhd.sk\/\">www.bhd.sk<\/a>.\n<strong>\u00a0<\/strong>]]>\t\t<\/p>\n","protected":false},"excerpt":{"rendered":"<p>\t\t\t\t<![CDATA[&nbsp;<br \/>]]>\t\t<\/p>\n","protected":false},"author":2,"featured_media":0,"comment_status":"closed","ping_status":"closed","sticky":false,"template":"","format":"standard","meta":{"footnotes":""},"categories":[11],"tags":[],"_links":{"self":[{"href":"https:\/\/svatarodina.fara.sk\/index.php?rest_route=\/wp\/v2\/posts\/4928"}],"collection":[{"href":"https:\/\/svatarodina.fara.sk\/index.php?rest_route=\/wp\/v2\/posts"}],"about":[{"href":"https:\/\/svatarodina.fara.sk\/index.php?rest_route=\/wp\/v2\/types\/post"}],"author":[{"embeddable":true,"href":"https:\/\/svatarodina.fara.sk\/index.php?rest_route=\/wp\/v2\/users\/2"}],"replies":[{"embeddable":true,"href":"https:\/\/svatarodina.fara.sk\/index.php?rest_route=%2Fwp%2Fv2%2Fcomments&post=4928"}],"version-history":[{"count":0,"href":"https:\/\/svatarodina.fara.sk\/index.php?rest_route=\/wp\/v2\/posts\/4928\/revisions"}],"wp:attachment":[{"href":"https:\/\/svatarodina.fara.sk\/index.php?rest_route=%2Fwp%2Fv2%2Fmedia&parent=4928"}],"wp:term":[{"taxonomy":"category","embeddable":true,"href":"https:\/\/svatarodina.fara.sk\/index.php?rest_route=%2Fwp%2Fv2%2Fcategories&post=4928"},{"taxonomy":"post_tag","embeddable":true,"href":"https:\/\/svatarodina.fara.sk\/index.php?rest_route=%2Fwp%2Fv2%2Ftags&post=4928"}],"curies":[{"name":"wp","href":"https:\/\/api.w.org\/{rel}","templated":true}]}}