{"id":4939,"date":"2018-04-24T21:46:01","date_gmt":"2018-04-24T20:46:01","guid":{"rendered":"http:\/\/fara.sk\/svatarodina\/?p=4939"},"modified":"2018-04-24T21:46:01","modified_gmt":"2018-04-24T20:46:01","slug":"aktualne-farske-oznamy-22-april-2018-4-velkonocna-nedela","status":"publish","type":"post","link":"https:\/\/svatarodina.fara.sk\/?p=4939","title":{"rendered":"Farsk\u00e9 oznamy (22. apr\u00edl 2018, 4. ve\u013ekono\u010dn\u00e1 nede\u013ea)"},"content":{"rendered":"<p>\t\t\t\t<![CDATA[<strong>\u00a0<\/strong>\n\n\n<table width=\"512\">\n\n\n<tbody>\n\n\n<tr>\n\n\n<td colspan=\"2\" width=\"214\">\n\n\n<h1><strong>Liturgick\u00fd kalend\u00e1r<\/strong><\/h1>\n\n\n<\/td>\n\n\n\n\n<td colspan=\"3\" width=\"298\">\n\n\n<h2>\u00damysly<\/h2>\n\n\n<\/td>\n\n\n<\/tr>\n\n\n\n\n<tr>\n\n\n<td rowspan=\"4\" width=\"72\">\n\n\n<h1>Nede\u013ea<\/h1>\n\n\n22.4.<\/td>\n\n\n\n\n<td rowspan=\"4\" width=\"142\"><strong>4. VE\u013dKONO\u010cN\u00c1 NEDE\u013dA <\/strong><\/td>\n\n\n\n\n<td width=\"43\">7.30<\/td>\n\n\n\n\n<td width=\"28\"><strong>JV<\/strong><\/td>\n\n\n\n\n<td width=\"227\">+ man\u017eel Stanislav<\/td>\n\n\n<\/tr>\n\n\n\n\n<tr>\n\n\n<td width=\"43\">9.00<\/td>\n\n\n\n\n<td width=\"28\"><strong>A\u0160<\/strong><\/td>\n\n\n\n\n<td width=\"227\">+ rodi\u010dia Hedviga a\u00a0\u0160tefan<\/td>\n\n\n<\/tr>\n\n\n\n\n<tr>\n\n\n<td width=\"43\">10.30<\/td>\n\n\n\n\n<td width=\"28\"><strong>JV<\/strong><\/td>\n\n\n\n\n<td width=\"227\">ako po\u010fakovanie a\u00a0za Bo\u017eie po\u017eehnanie pri pr\u00edle\u017eitosti 40. v\u00fdro\u010dia sob\u00e1\u0161a<\/td>\n\n\n<\/tr>\n\n\n\n\n<tr>\n\n\n<td width=\"43\">18.00<\/td>\n\n\n\n\n<td width=\"28\"><strong>A\u0160<\/strong><\/td>\n\n\n\n\n<td width=\"227\">za Bo\u017eiu pomoc a\u00a0po\u017eehnanie v rodine<\/td>\n\n\n<\/tr>\n\n\n\n\n<tr>\n\n\n<td rowspan=\"2\" width=\"72\">\n\n\n<h1>Pondelok<\/h1>\n\n\n23.4.<\/td>\n\n\n\n\n<td rowspan=\"2\" width=\"142\"><em>Sv. Vojtecha, biskupa a\u00a0mu\u010den\u00edka, spomienka<\/em><\/td>\n\n\n\n\n<td width=\"43\">7.00<\/td>\n\n\n\n\n<td width=\"28\"><strong>JV<\/strong><\/td>\n\n\n\n\n<td width=\"227\">za Bo\u017eiu pomoc pre Juraja<\/td>\n\n\n<\/tr>\n\n\n\n\n<tr>\n\n\n<td width=\"43\">18.00<\/td>\n\n\n\n\n<td width=\"28\"><strong>A\u0160<\/strong><\/td>\n\n\n\n\n<td width=\"227\">+ rodi\u010dia, brat, svokra a\u00a0star\u00ed rodi\u010dia<\/td>\n\n\n<\/tr>\n\n\n\n\n<tr>\n\n\n<td rowspan=\"2\" width=\"72\"><strong>Utorok<\/strong>\n24.4.<\/td>\n\n\n\n\n<td rowspan=\"2\" width=\"142\"><em>Sv. Juraja, mu\u010den\u00edka, \u013eub. spom.<\/em><\/td>\n\n\n\n\n<td width=\"43\">7.00<\/td>\n\n\n\n\n<td width=\"28\"><strong>A\u0160<\/strong><\/td>\n\n\n\n\n<td width=\"227\">za zdravie a\u00a0Bo\u017eiu pomoc<\/td>\n\n\n<\/tr>\n\n\n\n\n<tr>\n\n\n<td width=\"43\">18.00<\/td>\n\n\n\n\n<td width=\"28\"><strong>JV<\/strong><\/td>\n\n\n\n\n<td width=\"227\">+rodi\u010dov \u0160tef\u00e1nia a\u00a0Jozef<\/td>\n\n\n<\/tr>\n\n\n\n\n<tr>\n\n\n<td rowspan=\"2\" width=\"72\"><strong>Streda<\/strong>\n25.4.<\/td>\n\n\n\n\n<td rowspan=\"2\" width=\"142\"><em>Sv. Marka, evanjelistu, sviatok<\/em><\/td>\n\n\n\n\n<td width=\"43\">7.00<\/td>\n\n\n\n\n<td width=\"28\"><strong>A\u0160<\/strong><\/td>\n\n\n\n\n<td width=\"227\">+rodi\u010dia a\u00a0sestry<\/td>\n\n\n<\/tr>\n\n\n\n\n<tr>\n\n\n<td width=\"43\">18.00<\/td>\n\n\n\n\n<td width=\"28\"><strong>JV<\/strong><\/td>\n\n\n\n\n<td width=\"227\">za zdravie a\u00a0Bo\u017eiu pomoc a rodinu<\/td>\n\n\n<\/tr>\n\n\n\n\n<tr>\n\n\n<td rowspan=\"2\" width=\"72\"><strong>\u0160tvrtok<\/strong>\n26.4.<\/td>\n\n\n\n\n<td rowspan=\"2\" width=\"142\"><em>\u00a0<\/em><\/td>\n\n\n\n\n<td width=\"43\">7:00<\/td>\n\n\n\n\n<td width=\"28\"><strong>A\u0160<\/strong><\/td>\n\n\n\n\n<td width=\"227\">za zdravie a\u00a0Bo\u017eiu pomoc a\u00a0rodinu<\/td>\n\n\n<\/tr>\n\n\n\n\n<tr>\n\n\n<td width=\"43\">18.00<\/td>\n\n\n\n\n<td width=\"28\"><strong>JV<\/strong><\/td>\n\n\n\n\n<td width=\"227\">za zdravie a\u00a0Bo\u017eiu pomoc a\u00a0rodinu<\/td>\n\n\n<\/tr>\n\n\n\n\n<tr>\n\n\n<td rowspan=\"2\" width=\"72\">\n\n\n<h1>Piatok<\/h1>\n\n\n27.4.<\/td>\n\n\n\n\n<td rowspan=\"2\" width=\"142\"><em>\u00a0<\/em><\/td>\n\n\n\n\n<td width=\"43\">7.00<\/td>\n\n\n\n\n<td width=\"28\"><strong>JV<\/strong><\/td>\n\n\n\n\n<td width=\"227\">+Anna a\u00a0Gust\u00e1v<\/td>\n\n\n<\/tr>\n\n\n\n\n<tr>\n\n\n<td width=\"43\">18.00<\/td>\n\n\n\n\n<td width=\"28\"><strong>MK<\/strong><\/td>\n\n\n\n\n<td width=\"227\">+Al\u017ebeta, Anton, O\u013ega a\u00a0vnu\u010dka Ilonka<\/td>\n\n\n<\/tr>\n\n\n\n\n<tr>\n\n\n<td rowspan=\"2\" width=\"72\">\n\n\n<h1>Sobota<\/h1>\n\n\n28.4.<\/td>\n\n\n\n\n<td rowspan=\"2\" width=\"142\"><em>Sv. \u013dudov\u00edta M. Grigniona z\u00a0Montfortu, k\u0148aza, spom.<\/em><\/td>\n\n\n\n\n<td width=\"43\">7.30<\/td>\n\n\n\n\n<td width=\"28\"><strong>A\u0160<\/strong><\/td>\n\n\n\n\n<td width=\"227\">+otec Michal a\u00a0sesternica Elena<\/td>\n\n\n<\/tr>\n\n\n\n\n<tr>\n\n\n<td width=\"43\">&nbsp;<\/td>\n\n\n\n\n<td width=\"28\"><strong>\u00a0<\/strong><\/td>\n\n\n\n\n<td width=\"227\"><em>\u00a0<\/em><\/td>\n\n\n<\/tr>\n\n\n\n\n<tr>\n\n\n<td rowspan=\"4\" width=\"72\">\n\n\n<h1>Nede\u013ea<\/h1>\n\n\n29.4.<\/td>\n\n\n\n\n<td rowspan=\"4\" width=\"142\"><strong>5. VE\u013dKONO\u010cN\u00c1 NEDE\u013dA <\/strong><\/td>\n\n\n\n\n<td width=\"43\">7.30<\/td>\n\n\n\n\n<td width=\"28\"><strong>A\u0160<\/strong><\/td>\n\n\n\n\n<td width=\"227\">+Vladim\u00edr a\u00a0rodi\u010dia<\/td>\n\n\n<\/tr>\n\n\n\n\n<tr>\n\n\n<td width=\"43\">9.00<\/td>\n\n\n\n\n<td width=\"28\"><strong>JV<\/strong><\/td>\n\n\n\n\n<td width=\"227\">+rodi\u010dia Jaroslav a\u00a0Franti\u0161ka a\u00a0sestra Jarmila<\/td>\n\n\n<\/tr>\n\n\n\n\n<tr>\n\n\n<td width=\"43\">10.30<\/td>\n\n\n\n\n<td width=\"28\"><strong>A\u0160<\/strong><\/td>\n\n\n\n\n<td width=\"227\">za farn\u00edkov<\/td>\n\n\n<\/tr>\n\n\n\n\n<tr>\n\n\n<td width=\"43\">18.00<\/td>\n\n\n\n\n<td width=\"28\"><strong>MK<\/strong><\/td>\n\n\n\n\n<td width=\"227\">za Bo\u017eie po\u017eehnanie pre rod. Renaty a Olivera<\/td>\n\n\n<\/tr>\n\n\n<\/tbody>\n\n\n<\/table>\n\n\n<em>Inici\u00e1lky: JV \u2013 o. Juraj Vittek, A\u0160 \u2013 o. Andrej \u0160ottn\u00edk, MK \u2013 vdp. Martin Kramara<\/em>\n<strong>\u00a0<\/strong>\n<strong>\u00a0<\/strong>\n<strong>\u00a0<\/strong>\n<strong>Zbierka na semin\u00e1r, modlitby za duchovn\u00e9 povolania<\/strong>\nDnes je Nede\u013ea Dobr\u00e9ho Pastiera a po v\u0161etk\u00fdch sv\u00e4t\u00fdch om\u0161iach vykon\u00e1me zbierku na semin\u00e1r. Za va\u0161e milodary nech v\u00e1s P\u00e1n Boh odmen\u00ed.\n&nbsp;\n&nbsp;\n<strong>Katech\u00e9za pre dospel\u00fdch, detsk\u00e1 om\u0161a, rodi\u010dia prvoprij\u00edmaj\u00facich<\/strong>\nV\u00a0utorok po sv. om\u0161i bude ma\u0165 katech\u00e9zu skupina o. Juraja. Skupina o. Andreja bude ma\u0165 katech\u00e9zu v\u00a0stredu po sv. om\u0161i. V\u00a0stredu bude detsk\u00e1 sv. om\u0161a, po nej poz\u00fdvame rodi\u010dov prvoprij\u00edmaj\u00facich det\u00ed na organiza\u010dn\u00e9 stretnutie oh\u013eadom sl\u00e1vnosti prv\u00e9ho sv. prij\u00edmania.\n<strong>T\u00e1bor rod\u00edn<\/strong>\nPoz\u00fdvame rodiny na Farsk\u00fd rodinn\u00fd t\u00e1bor, ktor\u00fd sa uskuto\u010dn\u00ed 8. &#8211; 12. augusta v zariaden\u00ed Rodinkovo v Belu\u0161sk\u00fdch Slatin\u00e1ch. Podrobnosti a kontakty n\u00e1jdete na v\u00fdveske pri v\u00fdchode z kostola.\n<strong>Letn\u00fd detsk\u00fd t\u00e1bor LAB-orat\u00f3rium<\/strong>\nV\u0161etky deti na\u0161ej farnosti vo veku od 7-13 rokov poz\u00fdvame na farsk\u00fd letn\u00fd detsk\u00fd t\u00e1bor LAB-orat\u00f3rium. Ak chcete urobi\u0165 nie\u010do pre rozvoj viery a\u00a0kres\u0165anskej kult\u00fary va\u0161ich det\u00ed, je to dobr\u00e1 vo\u013eba. Prihl\u00e1\u0161ky treba poda\u0165 do konca apr\u00edla. T\u00e1bor sa uskuto\u010dn\u00ed v\u00a0d\u0148och 29. j\u00fala \u2013 5. augusta v\u00a0Jedlin\u00e1ch (pod Tr\u00edbe\u010dom). Cena je 140 \u20ac. Prihl\u00e1\u0161ky s\u00fa k dispoz\u00edcii v\u00a0sakristii a\u00a0na webe farnosti. Die\u0165a m\u00f4\u017ete prihl\u00e1si\u0165 na farskom \u00farade alebo v\u00a0stredu po detskej om\u0161i.\n<strong>Prihl\u00e1\u0161ky do KAN<\/strong>\nKol\u00e9gium Antona Neuwirtha prij\u00edma prihl\u00e1\u0161ky do \u010fal\u0161ieho akademick\u00e9ho roka. \u0160t\u00fadium v Kol\u00e9giu je pre v\u0161etk\u00fdch vysoko\u0161kol\u00e1kov, ktor\u00ed sa chc\u00fa nau\u010di\u0165 kriticky rozm\u00fd\u0161\u013ea\u0165, pozna\u0165 svoju vieru a z\u00edska\u0165 priate\u013eov na cel\u00fd \u017eivot. Prihlasovanie sa uzatv\u00e1ra 1. m\u00e1ja. Viac inform\u00e1ci\u00ed je na\u00a0<a href=\"http:\/\/www.kolegium.org\/\">www.kolegium.org<\/a>alebo vzadu na v\u00fdveske.\n<strong>Stretnutie so zahrani\u010dn\u00fdmi \u0161tudentami<\/strong>\nOoz\u00fdvame v\u00e1s na tradi\u010dn\u00e9 stretnutie so zahrani\u010dn\u00fdmi \u0161tudentmi, ktor\u00ed \u0161tuduj\u00fa na Filozofickej fakulte UK. \u0160tudenti predstavia n\u00e1bo\u017eensk\u00fd \u017eivot vo svojich krajin\u00e1ch so zameran\u00edm na vz\u0165ah mlad\u00fdch \u013eud\u00ed k\u00a0viere a\u00a0medzin\u00e1bo\u017eensk\u00fd dial\u00f3g. Podujatie sa kon\u00e1 vo \u0161tvrtok 26. apr\u00edla o\u00a019:00 po ve\u010dernej sv. om\u0161i v\u00a0Pastora\u010dnom centre kostola Sv\u00e4tej rodiny. Po skon\u010den\u00ed m\u00f4\u017eu \u00fa\u010dastn\u00edci diskutova\u0165 na spolo\u010dnom agap\u00e9.\n<strong>\u00a0<\/strong>]]>\t\t<\/p>\n","protected":false},"excerpt":{"rendered":"<p>\t\t\t\t<![CDATA[\u00a0<br \/>]]>\t\t<\/p>\n","protected":false},"author":2,"featured_media":0,"comment_status":"closed","ping_status":"closed","sticky":false,"template":"","format":"standard","meta":{"footnotes":""},"categories":[11],"tags":[],"_links":{"self":[{"href":"https:\/\/svatarodina.fara.sk\/index.php?rest_route=\/wp\/v2\/posts\/4939"}],"collection":[{"href":"https:\/\/svatarodina.fara.sk\/index.php?rest_route=\/wp\/v2\/posts"}],"about":[{"href":"https:\/\/svatarodina.fara.sk\/index.php?rest_route=\/wp\/v2\/types\/post"}],"author":[{"embeddable":true,"href":"https:\/\/svatarodina.fara.sk\/index.php?rest_route=\/wp\/v2\/users\/2"}],"replies":[{"embeddable":true,"href":"https:\/\/svatarodina.fara.sk\/index.php?rest_route=%2Fwp%2Fv2%2Fcomments&post=4939"}],"version-history":[{"count":0,"href":"https:\/\/svatarodina.fara.sk\/index.php?rest_route=\/wp\/v2\/posts\/4939\/revisions"}],"wp:attachment":[{"href":"https:\/\/svatarodina.fara.sk\/index.php?rest_route=%2Fwp%2Fv2%2Fmedia&parent=4939"}],"wp:term":[{"taxonomy":"category","embeddable":true,"href":"https:\/\/svatarodina.fara.sk\/index.php?rest_route=%2Fwp%2Fv2%2Fcategories&post=4939"},{"taxonomy":"post_tag","embeddable":true,"href":"https:\/\/svatarodina.fara.sk\/index.php?rest_route=%2Fwp%2Fv2%2Ftags&post=4939"}],"curies":[{"name":"wp","href":"https:\/\/api.w.org\/{rel}","templated":true}]}}