{"id":4949,"date":"2018-05-07T18:09:48","date_gmt":"2018-05-07T17:09:48","guid":{"rendered":"http:\/\/fara.sk\/svatarodina\/?p=4949"},"modified":"2018-05-07T18:09:48","modified_gmt":"2018-05-07T17:09:48","slug":"aktualne-farske-oznamy-6-maja-2018-6-velkonocna-nedela","status":"publish","type":"post","link":"https:\/\/svatarodina.fara.sk\/?p=4949","title":{"rendered":"Farsk\u00e9 oznamy (6. m\u00e1ja 2018, 6. ve\u013ekono\u010dn\u00e1 nede\u013ea)"},"content":{"rendered":"<p>\t\t\t\t<![CDATA[<strong>\u00a0<\/strong>\n\n\n<table width=\"512\">\n\n\n<tbody>\n\n\n<tr>\n\n\n<td colspan=\"2\" width=\"214\">\n\n\n<h1><strong>Liturgick\u00fd kalend\u00e1r<\/strong><\/h1>\n\n\n<\/td>\n\n\n\n\n<td colspan=\"3\" width=\"298\">\n\n\n<h2>\u00damysly<\/h2>\n\n\n<\/td>\n\n\n<\/tr>\n\n\n\n\n<tr>\n\n\n<td rowspan=\"4\" width=\"72\">\n\n\n<h1>Nede\u013ea<\/h1>\n\n\n6.5.<\/td>\n\n\n\n\n<td rowspan=\"4\" width=\"142\"><strong>6. VE\u013dKONO\u010cN\u00c1 NEDE\u013dA <\/strong><\/td>\n\n\n\n\n<td width=\"43\">7.30<\/td>\n\n\n\n\n<td width=\"28\"><strong>MK<\/strong><\/td>\n\n\n\n\n<td width=\"227\">za du\u0161e v\u00a0o\u010distci<\/td>\n\n\n<\/tr>\n\n\n\n\n<tr>\n\n\n<td width=\"43\">9.00<\/td>\n\n\n\n\n<td width=\"28\"><strong>A\u0160<\/strong><\/td>\n\n\n\n\n<td width=\"227\">+ Jozef, Jozef\u00edna, Michal, J\u00e1n a\u00a0Eva<\/td>\n\n\n<\/tr>\n\n\n\n\n<tr>\n\n\n<td width=\"43\">10.30<\/td>\n\n\n\n\n<td width=\"28\"><strong>JV<\/strong><\/td>\n\n\n\n\n<td width=\"227\">za farn\u00edkov<\/td>\n\n\n<\/tr>\n\n\n\n\n<tr>\n\n\n<td width=\"43\">18.00<\/td>\n\n\n\n\n<td width=\"28\"><strong>JV<\/strong><\/td>\n\n\n\n\n<td width=\"227\">+ man\u017eel Janko<\/td>\n\n\n<\/tr>\n\n\n\n\n<tr>\n\n\n<td rowspan=\"2\" width=\"72\">\n\n\n<h1>Pondelok<\/h1>\n\n\n7.5.<\/td>\n\n\n\n\n<td rowspan=\"2\" width=\"142\"><em>\u00a0<\/em><\/td>\n\n\n\n\n<td width=\"43\">7.00<\/td>\n\n\n\n\n<td width=\"28\"><strong>JV<\/strong><\/td>\n\n\n\n\n<td width=\"227\">+ rodi\u010dia a\u00a0ostatn\u00e1 rodina<\/td>\n\n\n<\/tr>\n\n\n\n\n<tr>\n\n\n<td width=\"43\">18.00<\/td>\n\n\n\n\n<td width=\"28\"><strong>MK<\/strong><\/td>\n\n\n\n\n<td width=\"227\">za zdravie a\u00a0Bo\u017eiu pomoc pre Petra<\/td>\n\n\n<\/tr>\n\n\n\n\n<tr>\n\n\n<td rowspan=\"2\" width=\"72\"><strong>Utorok<\/strong>\n8.5.<\/td>\n\n\n\n\n<td rowspan=\"2\" width=\"142\"><em>\u00a0<\/em><\/td>\n\n\n\n\n<td width=\"43\">7.00<\/td>\n\n\n\n\n<td width=\"28\"><strong>JV<\/strong><\/td>\n\n\n\n\n<td width=\"227\">za zdravie a\u00a0Bo\u017eiu pomoc pre sestru a\u00a0brata s\u00a0rodinou<\/td>\n\n\n<\/tr>\n\n\n\n\n<tr>\n\n\n<td width=\"43\">18.00<\/td>\n\n\n\n\n<td width=\"28\"><strong>A\u0160<\/strong><\/td>\n\n\n\n\n<td width=\"227\">+ \u0161vagor J\u00e1n a\u00a0krstn\u00e1 Roz\u00e1lia<\/td>\n\n\n<\/tr>\n\n\n\n\n<tr>\n\n\n<td rowspan=\"2\" width=\"72\"><strong>Streda<\/strong>\n9.5.<\/td>\n\n\n\n\n<td rowspan=\"2\" width=\"142\"><em>\u00a0<\/em><\/td>\n\n\n\n\n<td width=\"43\">7.00<\/td>\n\n\n\n\n<td width=\"28\"><strong>A\u0160<\/strong><\/td>\n\n\n\n\n<td width=\"227\">+ rodi\u010dia, star\u00ed rodi\u010dia a\u00a0krstn\u00ed rodi\u010dia<\/td>\n\n\n<\/tr>\n\n\n\n\n<tr>\n\n\n<td width=\"43\">18.00<\/td>\n\n\n\n\n<td width=\"28\"><strong>JV<\/strong><\/td>\n\n\n\n\n<td width=\"227\">+ s\u00farodenci<\/td>\n\n\n<\/tr>\n\n\n\n\n<tr>\n\n\n<td rowspan=\"2\" width=\"72\"><strong>\u0160tvrtok<\/strong>\n10.5.<\/td>\n\n\n\n\n<td rowspan=\"2\" width=\"142\"><em>Nanebovst\u00fapenie P\u00e1na, sl\u00e1vnos\u0165<\/em><\/td>\n\n\n\n\n<td width=\"43\">7:00<\/td>\n\n\n\n\n<td width=\"28\"><strong>A\u0160<\/strong><\/td>\n\n\n\n\n<td width=\"227\">+ otec Pavol, star\u00fd otec a\u00a0svokor<\/td>\n\n\n<\/tr>\n\n\n\n\n<tr>\n\n\n<td width=\"43\">18.00<\/td>\n\n\n\n\n<td width=\"28\"><strong>MK<\/strong><\/td>\n\n\n\n\n<td width=\"227\">za farn\u00edkov<\/td>\n\n\n<\/tr>\n\n\n\n\n<tr>\n\n\n<td rowspan=\"2\" width=\"72\">\n\n\n<h1>Piatok<\/h1>\n\n\n11.5.<\/td>\n\n\n\n\n<td rowspan=\"2\" width=\"142\"><em>\u00a0<\/em><\/td>\n\n\n\n\n<td width=\"43\">7.00<\/td>\n\n\n\n\n<td width=\"28\"><strong>A\u0160<\/strong><\/td>\n\n\n\n\n<td width=\"227\">za du\u0161e v\u00a0o\u010distci<\/td>\n\n\n<\/tr>\n\n\n\n\n<tr>\n\n\n<td width=\"43\">18.00<\/td>\n\n\n\n\n<td width=\"28\"><strong>JV<\/strong><\/td>\n\n\n\n\n<td width=\"227\">za dar viery pre deti<\/td>\n\n\n<\/tr>\n\n\n\n\n<tr>\n\n\n<td rowspan=\"2\" width=\"72\">\n\n\n<h1>Sobota<\/h1>\n\n\n12.5.<\/td>\n\n\n\n\n<td rowspan=\"2\" width=\"142\"><em>\u00a0<\/em><\/td>\n\n\n\n\n<td width=\"43\">7.30<\/td>\n\n\n\n\n<td width=\"28\"><strong>JV<\/strong><\/td>\n\n\n\n\n<td width=\"227\">za odpustenie a\u00a0uzdavenie vz\u0165ahov v\u00a0rodine<\/td>\n\n\n<\/tr>\n\n\n\n\n<tr>\n\n\n<td width=\"43\">&nbsp;<\/td>\n\n\n\n\n<td width=\"28\"><strong>\u00a0<\/strong><\/td>\n\n\n\n\n<td width=\"227\"><em>\u00a0<\/em><\/td>\n\n\n<\/tr>\n\n\n\n\n<tr>\n\n\n<td rowspan=\"4\" width=\"72\">\n\n\n<h1>Nede\u013ea<\/h1>\n\n\n13.5.<\/td>\n\n\n\n\n<td rowspan=\"4\" width=\"142\"><strong>7. VE\u013dKONO\u010cN\u00c1 NEDE\u013dA <\/strong><\/td>\n\n\n\n\n<td width=\"43\">7.30<\/td>\n\n\n\n\n<td width=\"28\"><strong>A\u0160<\/strong><\/td>\n\n\n\n\n<td width=\"227\">za Bo\u017eiu pomoc a\u00a0ochranu Panny M\u00e1rie pre rodinu<\/td>\n\n\n<\/tr>\n\n\n\n\n<tr>\n\n\n<td width=\"43\">9.00<\/td>\n\n\n\n\n<td width=\"28\"><strong>JV<\/strong><\/td>\n\n\n\n\n<td width=\"227\">+ Anna, Peter, Anna a\u00a0Du\u0161an<\/td>\n\n\n<\/tr>\n\n\n\n\n<tr>\n\n\n<td width=\"43\">10.30<\/td>\n\n\n\n\n<td width=\"28\"><strong>A\u0160<\/strong><\/td>\n\n\n\n\n<td width=\"227\">za farn\u00edkov<\/td>\n\n\n<\/tr>\n\n\n\n\n<tr>\n\n\n<td width=\"43\">18.00<\/td>\n\n\n\n\n<td width=\"28\"><strong>MK<\/strong><\/td>\n\n\n\n\n<td width=\"227\">+ rodi\u010dia, brat Du\u0161an a\u00a0synovec Ma\u0165ko<\/td>\n\n\n<\/tr>\n\n\n<\/tbody>\n\n\n<\/table>\n\n\n<em>Inici\u00e1lky: JV \u2013 o. Juraj Vittek, A\u0160 \u2013 o. Andrej \u0160ottn\u00edk, MK \u2013 vdp. Martin Kramara<\/em>\n<strong>\u00a0<\/strong>\n<strong>\u00a0<\/strong>\n<strong>Cirkevne prik\u00e1zan\u00fd sviatok Nanebovst\u00fapenia P\u00e1na<\/strong>\nPripom\u00edname cirkevne prik\u00e1zan\u00fd sviatok Nanebovst\u00fapenia P\u00e1na. Zados\u0165u\u010dini\u0165 povinnosti z\u00fa\u010dastni\u0165 sa na sv. om\u0161i m\u00f4\u017ete aj v\u00a0stredu ve\u010der.\n<strong>Zbierka na masm\u00e9di\u00e1<\/strong>\nNa bud\u00facu nede\u013eu bude po v\u0161etk\u00fdch sv. om\u0161iach zbierka na katol\u00edcke masm\u00e9di\u00e1.\n<strong>Stretnutie seniorov<\/strong>\nV\u00a0pondelok 7. m\u00e1ja o\u00a015.30h bude v\u00a0Pastora\u010dnom centre stretnutie Klubu kres\u0165ansk\u00fdch seniorov. Program a\u00a0pozv\u00e1nka s\u00fa na n\u00e1stenke pri vchode do kostola. Ste srde\u010dne pozvan\u00ed.\n<strong>Katech\u00e9za pre dospel\u00fdch, detsk\u00e1 om\u0161a, rodi\u010dia prvoprij\u00edmaj\u00facich<\/strong>\nV\u00a0utorok po sv. om\u0161i bude ma\u0165 katech\u00e9zu skupina o. Juraja. Skupina o. Andreja bude ma\u0165 katech\u00e9zu v\u00a0stredu po sv. om\u0161i. V\u00a0stredu bude detsk\u00e1 sv. om\u0161a. Pripom\u00edname rodi\u010dom, \u017ee po detskej sv. om\u0161i bud\u00fa de\u0165om vzat\u00e9 miery na rovno\u0161atu. Vo \u0161tvrtok a\u00a0v\u00a0piatok od\u00a017.00h bude v\u00a0kostole n\u00e1cvik det\u00ed na sl\u00e1vnos\u0165 prv\u00e9ho sv\u00e4t\u00e9ho prij\u00edmania. Pros\u00edme, aby ste sa v\u00a0tieto dni modlili ru\u017eenec v\u00a0pastora\u010dnom centre.\n<strong>Letn\u00fd detsk\u00fd t\u00e1bor LAB-orat\u00f3rium<\/strong>\nV\u0161etky deti na\u0161ej farnosti vo veku od 7-13 rokov poz\u00fdvame na farsk\u00fd letn\u00fd detsk\u00fd t\u00e1bor LAB-orat\u00f3rium. Ak chcete urobi\u0165 nie\u010do pre rozvoj viery a\u00a0kres\u0165anskej kult\u00fary va\u0161ich det\u00ed, je to dobr\u00e1 vo\u013eba. Prihl\u00e1\u0161ky treba poda\u0165 do konca apr\u00edla. T\u00e1bor sa uskuto\u010dn\u00ed v\u00a0d\u0148och 29. j\u00fala \u2013 5. augusta v\u00a0Jedlin\u00e1ch (pod Tr\u00edbe\u010dom). Cena je 140 \u20ac. Prihl\u00e1\u0161ky s\u00fa k dispoz\u00edcii v\u00a0sakristii a\u00a0na webe farnosti. Die\u0165a m\u00f4\u017ete prihl\u00e1si\u0165 na farskom \u00farade alebo v\u00a0stredu po detskej om\u0161i.\n<strong>T\u00e1bor rod\u00edn<\/strong>\nPoz\u00fdvame rodiny na Farsk\u00fd rodinn\u00fd t\u00e1bor, ktor\u00fd sa uskuto\u010dn\u00ed 8. &#8211; 12. augusta v zariaden\u00ed Rodinkovo v Belu\u0161sk\u00fdch Slatin\u00e1ch. Podrobnosti a kontakty n\u00e1jdete na v\u00fdveske pri v\u00fdchode z kostola.\n<strong>\u00a0<\/strong>]]>\t\t<\/p>\n","protected":false},"excerpt":{"rendered":"<p>\t\t\t\t<![CDATA[\u00a0<br \/>]]>\t\t<\/p>\n","protected":false},"author":2,"featured_media":0,"comment_status":"closed","ping_status":"closed","sticky":false,"template":"","format":"standard","meta":{"footnotes":""},"categories":[11],"tags":[],"_links":{"self":[{"href":"https:\/\/svatarodina.fara.sk\/index.php?rest_route=\/wp\/v2\/posts\/4949"}],"collection":[{"href":"https:\/\/svatarodina.fara.sk\/index.php?rest_route=\/wp\/v2\/posts"}],"about":[{"href":"https:\/\/svatarodina.fara.sk\/index.php?rest_route=\/wp\/v2\/types\/post"}],"author":[{"embeddable":true,"href":"https:\/\/svatarodina.fara.sk\/index.php?rest_route=\/wp\/v2\/users\/2"}],"replies":[{"embeddable":true,"href":"https:\/\/svatarodina.fara.sk\/index.php?rest_route=%2Fwp%2Fv2%2Fcomments&post=4949"}],"version-history":[{"count":0,"href":"https:\/\/svatarodina.fara.sk\/index.php?rest_route=\/wp\/v2\/posts\/4949\/revisions"}],"wp:attachment":[{"href":"https:\/\/svatarodina.fara.sk\/index.php?rest_route=%2Fwp%2Fv2%2Fmedia&parent=4949"}],"wp:term":[{"taxonomy":"category","embeddable":true,"href":"https:\/\/svatarodina.fara.sk\/index.php?rest_route=%2Fwp%2Fv2%2Fcategories&post=4949"},{"taxonomy":"post_tag","embeddable":true,"href":"https:\/\/svatarodina.fara.sk\/index.php?rest_route=%2Fwp%2Fv2%2Ftags&post=4949"}],"curies":[{"name":"wp","href":"https:\/\/api.w.org\/{rel}","templated":true}]}}