{"id":4952,"date":"2018-05-06T18:12:18","date_gmt":"2018-05-06T17:12:18","guid":{"rendered":"http:\/\/fara.sk\/svatarodina\/?p=4952"},"modified":"2018-05-06T18:12:18","modified_gmt":"2018-05-06T17:12:18","slug":"farske-oznamy-29-april-2018-5-velkonocna-nedela","status":"publish","type":"post","link":"https:\/\/svatarodina.fara.sk\/?p=4952","title":{"rendered":"Farsk\u00e9 oznamy (29. apr\u00edl 2018, 5. ve\u013ekono\u010dn\u00e1 nede\u013ea)"},"content":{"rendered":"<p>\t\t\t\t<![CDATA[<strong>\u00a0<\/strong>\n\n\n<table width=\"512\">\n\n\n<tbody>\n\n\n<tr>\n\n\n<td colspan=\"2\" width=\"214\">\n\n\n<h1><strong>Liturgick\u00fd kalend\u00e1r<\/strong><\/h1>\n\n\n<\/td>\n\n\n\n\n<td colspan=\"3\" width=\"298\">\n\n\n<h2>\u00damysly<\/h2>\n\n\n<\/td>\n\n\n<\/tr>\n\n\n\n\n<tr>\n\n\n<td rowspan=\"4\" width=\"72\">\n\n\n<h1>Nede\u013ea<\/h1>\n\n\n29.4.<\/td>\n\n\n\n\n<td rowspan=\"4\" width=\"142\"><strong>5. VE\u013dKONO\u010cN\u00c1 NEDE\u013dA <\/strong><\/td>\n\n\n\n\n<td width=\"43\">7.30<\/td>\n\n\n\n\n<td width=\"28\"><strong>A\u0160<\/strong><\/td>\n\n\n\n\n<td width=\"227\">+ Vladim\u00edr a\u00a0rodi\u010dia<\/td>\n\n\n<\/tr>\n\n\n\n\n<tr>\n\n\n<td width=\"43\">9.00<\/td>\n\n\n\n\n<td width=\"28\"><strong>JV<\/strong><\/td>\n\n\n\n\n<td width=\"227\">+ rodi\u010dia Jaroslav a\u00a0Franti\u0161ka a\u00a0sestra Jarmila<\/td>\n\n\n<\/tr>\n\n\n\n\n<tr>\n\n\n<td width=\"43\">10.30<\/td>\n\n\n\n\n<td width=\"28\"><strong>MK<\/strong><\/td>\n\n\n\n\n<td width=\"227\">za farn\u00edkov<\/td>\n\n\n<\/tr>\n\n\n\n\n<tr>\n\n\n<td width=\"43\">18.00<\/td>\n\n\n\n\n<td width=\"28\"><strong>MK<\/strong><\/td>\n\n\n\n\n<td width=\"227\">za Bo\u017eie po\u017eehnanie pre rod. Renaty a Olivera<\/td>\n\n\n<\/tr>\n\n\n\n\n<tr>\n\n\n<td rowspan=\"2\" width=\"72\">\n\n\n<h1>Pondelok<\/h1>\n\n\n30.4.<\/td>\n\n\n\n\n<td rowspan=\"2\" width=\"142\"><em>\u00a0<\/em><\/td>\n\n\n\n\n<td width=\"43\">7.00<\/td>\n\n\n\n\n<td width=\"28\"><strong>MK<\/strong><\/td>\n\n\n\n\n<td width=\"227\">+ J\u00e1n a\u00a0\u0160tef\u00e1nia (1. v\u00fdr.)<\/td>\n\n\n<\/tr>\n\n\n\n\n<tr>\n\n\n<td width=\"43\">18.00<\/td>\n\n\n\n\n<td width=\"28\"><strong>A\u0160<\/strong><\/td>\n\n\n\n\n<td width=\"227\">+ cel\u00e1 rodina<\/td>\n\n\n<\/tr>\n\n\n\n\n<tr>\n\n\n<td rowspan=\"2\" width=\"72\"><strong>Utorok<\/strong>\n1.5.<\/td>\n\n\n\n\n<td rowspan=\"2\" width=\"142\"><em>Sv. Jozefa, robotn\u00edka, \u013eubovo\u013en\u00e1 spomienka<\/em><\/td>\n\n\n\n\n<td width=\"43\">7.00<\/td>\n\n\n\n\n<td width=\"28\"><strong>JV<\/strong><\/td>\n\n\n\n\n<td width=\"227\">+ syn Milan<\/td>\n\n\n<\/tr>\n\n\n\n\n<tr>\n\n\n<td width=\"43\">18.00<\/td>\n\n\n\n\n<td width=\"28\"><strong>MK<\/strong><\/td>\n\n\n\n\n<td width=\"227\">+ man\u017eel Emil<\/td>\n\n\n<\/tr>\n\n\n\n\n<tr>\n\n\n<td rowspan=\"2\" width=\"72\"><strong>Streda<\/strong>\n2.5.<\/td>\n\n\n\n\n<td rowspan=\"2\" width=\"142\"><em>Sv. Atan\u00e1za, biskupa a\u00a0u\u010dite\u013ea Cirkvi, spom. <\/em><\/td>\n\n\n\n\n<td width=\"43\">7.00<\/td>\n\n\n\n\n<td width=\"28\"><strong>A\u0160<\/strong><\/td>\n\n\n\n\n<td width=\"227\">+ man\u017eel a\u00a0rodi\u010dia<\/td>\n\n\n<\/tr>\n\n\n\n\n<tr>\n\n\n<td width=\"43\">18.00<\/td>\n\n\n\n\n<td width=\"28\"><strong>JV<\/strong><\/td>\n\n\n\n\n<td width=\"227\">za zdravie a\u00a0Bo\u017eie po\u017eehnanie pre rodinu<\/td>\n\n\n<\/tr>\n\n\n\n\n<tr>\n\n\n<td rowspan=\"2\" width=\"72\"><strong>\u0160tvrtok<\/strong>\n3.5.<\/td>\n\n\n\n\n<td rowspan=\"2\" width=\"142\"><em>Sv. Filipa a\u00a0Jakuba, apo\u0161tolov, sviatok<\/em><\/td>\n\n\n\n\n<td width=\"43\">7:00<\/td>\n\n\n\n\n<td width=\"28\"><strong>A\u0160<\/strong><\/td>\n\n\n\n\n<td width=\"227\">+ man\u017eel Ladislav, rodi\u010dia a star\u00ed rodi\u010dia z\u00a0oboch str\u00e1n<\/td>\n\n\n<\/tr>\n\n\n\n\n<tr>\n\n\n<td width=\"43\">18.00<\/td>\n\n\n\n\n<td width=\"28\"><strong>JV<\/strong><\/td>\n\n\n\n\n<td width=\"227\">+ Ondrej, Bibiana, Rudolf, Irena a Margita<\/td>\n\n\n<\/tr>\n\n\n\n\n<tr>\n\n\n<td rowspan=\"2\" width=\"72\">\n\n\n<h1>Piatok<\/h1>\n\n\n4.5.<\/td>\n\n\n\n\n<td rowspan=\"2\" width=\"142\"><em>\u00a0<\/em><\/td>\n\n\n\n\n<td width=\"43\">7.00<\/td>\n\n\n\n\n<td width=\"28\"><strong>JV<\/strong><\/td>\n\n\n\n\n<td width=\"227\">+ \u0160tef\u00e1nia a\u00a0J\u00e1n<\/td>\n\n\n<\/tr>\n\n\n\n\n<tr>\n\n\n<td width=\"43\">18.00<\/td>\n\n\n\n\n<td width=\"28\"><strong>MK<\/strong><\/td>\n\n\n\n\n<td width=\"227\">za zdravie a\u00a0Bo\u017eiu pomoc pe Annam\u00e1riu<\/td>\n\n\n<\/tr>\n\n\n\n\n<tr>\n\n\n<td rowspan=\"2\" width=\"72\">\n\n\n<h1>Sobota<\/h1>\n\n\n5.5.<\/td>\n\n\n\n\n<td rowspan=\"2\" width=\"142\"><em>\u00a0<\/em><\/td>\n\n\n\n\n<td width=\"43\">11.00<\/td>\n\n\n\n\n<td width=\"28\"><strong>\u00a0<\/strong><\/td>\n\n\n\n\n<td width=\"227\">za \u010dlenov Ru\u017eencov\u00e9ho bratstva<\/td>\n\n\n<\/tr>\n\n\n\n\n<tr>\n\n\n<td width=\"43\">&nbsp;<\/td>\n\n\n\n\n<td width=\"28\"><strong>\u00a0<\/strong><\/td>\n\n\n\n\n<td width=\"227\"><em>\u00a0<\/em><\/td>\n\n\n<\/tr>\n\n\n\n\n<tr>\n\n\n<td rowspan=\"4\" width=\"72\">\n\n\n<h1>Nede\u013ea<\/h1>\n\n\n6.5.<\/td>\n\n\n\n\n<td rowspan=\"4\" width=\"142\"><strong>6. VE\u013dKONO\u010cN\u00c1 NEDE\u013dA <\/strong><\/td>\n\n\n\n\n<td width=\"43\">7.30<\/td>\n\n\n\n\n<td width=\"28\"><strong>MK<\/strong><\/td>\n\n\n\n\n<td width=\"227\">za du\u0161e v\u00a0o\u010distci<\/td>\n\n\n<\/tr>\n\n\n\n\n<tr>\n\n\n<td width=\"43\">9.00<\/td>\n\n\n\n\n<td width=\"28\"><strong>A\u0160<\/strong><\/td>\n\n\n\n\n<td width=\"227\">+ Jozef, Jozef\u00edna, Michal, J\u00e1n a\u00a0Eva<\/td>\n\n\n<\/tr>\n\n\n\n\n<tr>\n\n\n<td width=\"43\">10.30<\/td>\n\n\n\n\n<td width=\"28\"><strong>JV<\/strong><\/td>\n\n\n\n\n<td width=\"227\">za farn\u00edkov<\/td>\n\n\n<\/tr>\n\n\n\n\n<tr>\n\n\n<td width=\"43\">18.00<\/td>\n\n\n\n\n<td width=\"28\"><strong>JV<\/strong><\/td>\n\n\n\n\n<td width=\"227\">+ man\u017eel Janko<\/td>\n\n\n<\/tr>\n\n\n<\/tbody>\n\n\n<\/table>\n\n\n<em>Inici\u00e1lky: JV \u2013 o. Juraj Vittek, A\u0160 \u2013 o. Andrej \u0160ottn\u00edk, MK \u2013 vdp. Martin Kramara<\/em>\n<strong>\u00a0<\/strong>\n<strong>\u00a0<\/strong>\n<strong>\u00a0<\/strong>\n<strong>\u00a0<\/strong>\n<strong>Katech\u00e9za pre dospel\u00fdch, detsk\u00e1 om\u0161a, rodi\u010dia prvoprij\u00edmaj\u00facich<\/strong>\nV\u00a0utorok po sv. om\u0161i bude ma\u0165 katech\u00e9zu skupina o. Juraja. Skupina o. Andreja bude ma\u0165 katech\u00e9zu v\u00a0stredu po sv. om\u0161i. V\u00a0stredu bude detsk\u00e1 sv. om\u0161a.\n<strong>Birmovka, spovedanie a\u00a0stretnutie Ru\u017eencov\u00e9ho bratstva<\/strong>\nV\u00a0sobotu m\u00e1me v\u00a0na\u0161ej farnosti birmovku. Sv. om\u0161a r\u00e1no nebude. O\u00a07.30h sa stretne ru\u017eencov\u00e9 bratstvo na modlitbu sv. ru\u017eenca. O\u00a011.00 bude sl\u00e1vnos\u0165 sviatosti birmovania. Je to z\u00e1rove\u0148 n\u00e1v\u0161teva biskupa vo farnosti. V\u0161etk\u00fdch V\u00e1s srde\u010dne poz\u00fdvame z\u00fa\u010dastni\u0165 sa tejto sl\u00e1vnosti. Tento t\u00fd\u017ede\u0148 budeme spoveda\u0165 k\u00a0prv\u00e9mu piatku od 17.00h od pondelka do piatka. V\u00a0piatok budeme spoveda\u0165 iba birmovancov, preto pros\u00edme, aby ste si spove\u010f nenechali na piatok, pr\u00ed\u010fte na sv. spove\u010f do \u0161tvrtka. T\u00ed, ktor\u00ed si robia prv\u00e9 piatky, nemusia pr\u00eds\u0165 na spove\u010f nutne v\u00a0piatok, ale aj dni pred. V\u00a0pondelok sa po\u010das ador\u00e1cie budeme modli\u0165 za na\u0161ich birmovancov.\n<strong>P\u00fa\u0165 na Star\u00e9 Hory<\/strong>\nZdru\u017eenie kres\u0165ansk\u00fdch seniorov v\u00e1s srde\u010dne poz\u00fdva na p\u00fa\u0165 na Star\u00e9 Hory, ktor\u00e1 sa uskuto\u010dn\u00ed v\u00a0stredu 9. m\u00e1ja 2018. Pozv\u00e1nka, program a\u00a0kontakty s\u00fa na v\u00fdveske pri vchode do kostola.\n<strong>T\u00e1bor rod\u00edn<\/strong>\nPoz\u00fdvame rodiny na Farsk\u00fd rodinn\u00fd t\u00e1bor, ktor\u00fd sa uskuto\u010dn\u00ed 8. &#8211; 12. augusta v zariaden\u00ed Rodinkovo v Belu\u0161sk\u00fdch Slatin\u00e1ch. Podrobnosti a kontakty n\u00e1jdete na v\u00fdveske pri v\u00fdchode z kostola.\n<strong>Letn\u00fd detsk\u00fd t\u00e1bor LAB-orat\u00f3rium<\/strong>\nV\u0161etky deti na\u0161ej farnosti vo veku od 7-13 rokov poz\u00fdvame na farsk\u00fd letn\u00fd detsk\u00fd t\u00e1bor LAB-orat\u00f3rium. Ak chcete urobi\u0165 nie\u010do pre rozvoj viery a\u00a0kres\u0165anskej kult\u00fary va\u0161ich det\u00ed, je to dobr\u00e1 vo\u013eba. Prihl\u00e1\u0161ky treba poda\u0165 do konca apr\u00edla. T\u00e1bor sa uskuto\u010dn\u00ed v\u00a0d\u0148och 29. j\u00fala \u2013 5. augusta v\u00a0Jedlin\u00e1ch (pod Tr\u00edbe\u010dom). Cena je 140 \u20ac. Prihl\u00e1\u0161ky s\u00fa k dispoz\u00edcii v\u00a0sakristii a\u00a0na webe farnosti. Die\u0165a m\u00f4\u017ete prihl\u00e1si\u0165 na farskom \u00farade alebo v\u00a0stredu po detskej om\u0161i.\n<strong>Prihl\u00e1\u0161ky do KAN<\/strong>\nKol\u00e9gium Antona Neuwirtha prij\u00edma prihl\u00e1\u0161ky do \u010fal\u0161ieho akademick\u00e9ho roka. \u0160t\u00fadium v Kol\u00e9giu je pre v\u0161etk\u00fdch vysoko\u0161kol\u00e1kov, ktor\u00ed sa chc\u00fa nau\u010di\u0165 kriticky rozm\u00fd\u0161\u013ea\u0165, pozna\u0165 svoju vieru a z\u00edska\u0165 priate\u013eov na cel\u00fd \u017eivot. Prihlasovanie sa uzatv\u00e1ra 1. m\u00e1ja. Viac inform\u00e1ci\u00ed je na\u00a0<a href=\"http:\/\/www.kolegium.org\/\">www.kolegium.org<\/a>alebo vzadu na v\u00fdveske.\n<strong>\u00a0<\/strong>]]>\t\t<\/p>\n","protected":false},"excerpt":{"rendered":"<p>\t\t\t\t<![CDATA[\u00a0<br \/>]]>\t\t<\/p>\n","protected":false},"author":2,"featured_media":0,"comment_status":"closed","ping_status":"closed","sticky":false,"template":"","format":"standard","meta":{"footnotes":""},"categories":[11],"tags":[],"_links":{"self":[{"href":"https:\/\/svatarodina.fara.sk\/index.php?rest_route=\/wp\/v2\/posts\/4952"}],"collection":[{"href":"https:\/\/svatarodina.fara.sk\/index.php?rest_route=\/wp\/v2\/posts"}],"about":[{"href":"https:\/\/svatarodina.fara.sk\/index.php?rest_route=\/wp\/v2\/types\/post"}],"author":[{"embeddable":true,"href":"https:\/\/svatarodina.fara.sk\/index.php?rest_route=\/wp\/v2\/users\/2"}],"replies":[{"embeddable":true,"href":"https:\/\/svatarodina.fara.sk\/index.php?rest_route=%2Fwp%2Fv2%2Fcomments&post=4952"}],"version-history":[{"count":0,"href":"https:\/\/svatarodina.fara.sk\/index.php?rest_route=\/wp\/v2\/posts\/4952\/revisions"}],"wp:attachment":[{"href":"https:\/\/svatarodina.fara.sk\/index.php?rest_route=%2Fwp%2Fv2%2Fmedia&parent=4952"}],"wp:term":[{"taxonomy":"category","embeddable":true,"href":"https:\/\/svatarodina.fara.sk\/index.php?rest_route=%2Fwp%2Fv2%2Fcategories&post=4952"},{"taxonomy":"post_tag","embeddable":true,"href":"https:\/\/svatarodina.fara.sk\/index.php?rest_route=%2Fwp%2Fv2%2Ftags&post=4952"}],"curies":[{"name":"wp","href":"https:\/\/api.w.org\/{rel}","templated":true}]}}