{"id":4960,"date":"2018-05-14T14:43:15","date_gmt":"2018-05-14T13:43:15","guid":{"rendered":"http:\/\/fara.sk\/svatarodina\/?p=4960"},"modified":"2018-05-14T14:43:15","modified_gmt":"2018-05-14T13:43:15","slug":"aktualne-farske-oznamy-13-maj-2018-7-velkonocna-nedela","status":"publish","type":"post","link":"https:\/\/svatarodina.fara.sk\/?p=4960","title":{"rendered":"Farsk\u00e9 oznamy (13. m\u00e1j 2018, 7. ve\u013ekono\u010dn\u00e1 nede\u013ea)"},"content":{"rendered":"<p>\t\t\t\t<![CDATA[&nbsp;\n\n\n<table width=\"512\">\n\n\n<tbody>\n\n\n<tr>\n\n\n<td colspan=\"2\" width=\"214\">\n\n\n<h1><strong>Liturgick\u00fd kalend\u00e1r<\/strong><\/h1>\n\n\n<\/td>\n\n\n\n\n<td colspan=\"3\" width=\"298\">\n\n\n<h2>\u00damysly<\/h2>\n\n\n<\/td>\n\n\n<\/tr>\n\n\n\n\n<tr>\n\n\n<td rowspan=\"4\" width=\"72\">\n\n\n<h1>Nede\u013ea<\/h1>\n\n\n13.5.<\/td>\n\n\n\n\n<td rowspan=\"4\" width=\"142\"><strong>7. VE\u013dKONO\u010cN\u00c1 NEDE\u013dA <\/strong><\/td>\n\n\n\n\n<td width=\"43\">7.30<\/td>\n\n\n\n\n<td width=\"28\"><strong>A\u0160<\/strong><\/td>\n\n\n\n\n<td width=\"227\">za Bo\u017eiu pomoc a\u00a0ochranu Panny M\u00e1rie pre rodinu<\/td>\n\n\n<\/tr>\n\n\n\n\n<tr>\n\n\n<td width=\"43\">9.00<\/td>\n\n\n\n\n<td width=\"28\"><strong>JV<\/strong><\/td>\n\n\n\n\n<td width=\"227\">+ Anna, Peter, Anna a\u00a0Du\u0161an<\/td>\n\n\n<\/tr>\n\n\n\n\n<tr>\n\n\n<td width=\"43\">10.30<\/td>\n\n\n\n\n<td width=\"28\"><strong>A\u0160<\/strong><\/td>\n\n\n\n\n<td width=\"227\">za farn\u00edkov<\/td>\n\n\n<\/tr>\n\n\n\n\n<tr>\n\n\n<td width=\"43\">18.00<\/td>\n\n\n\n\n<td width=\"28\"><strong>MK<\/strong><\/td>\n\n\n\n\n<td width=\"227\">+ rodi\u010dia, brat Du\u0161an a\u00a0synovec Ma\u0165ko<\/td>\n\n\n<\/tr>\n\n\n\n\n<tr>\n\n\n<td rowspan=\"2\" width=\"72\">\n\n\n<h1>Pondelok<\/h1>\n\n\n14.5.<\/td>\n\n\n\n\n<td rowspan=\"2\" width=\"142\"><em>Sv. Mateja, apo\u0161tola, sviatok<\/em><\/td>\n\n\n\n\n<td width=\"43\">7.00<\/td>\n\n\n\n\n<td width=\"28\"><strong>JV<\/strong><\/td>\n\n\n\n\n<td width=\"227\">+ Jozef, M\u00e1ria a\u00a0star\u00ed rodi\u010dia z\u00a0oboch str\u00e1n<\/td>\n\n\n<\/tr>\n\n\n\n\n<tr>\n\n\n<td width=\"43\">18.00<\/td>\n\n\n\n\n<td width=\"28\"><strong>A\u0160<\/strong><\/td>\n\n\n\n\n<td width=\"227\">+ rodi\u010dia Vasil a\u00a0O\u013ega<\/td>\n\n\n<\/tr>\n\n\n\n\n<tr>\n\n\n<td rowspan=\"2\" width=\"72\"><strong>Utorok<\/strong>\n15.5.<\/td>\n\n\n\n\n<td rowspan=\"2\" width=\"142\"><em>\u00a0<\/em><\/td>\n\n\n\n\n<td width=\"43\">7.00<\/td>\n\n\n\n\n<td width=\"28\"><strong>A\u0160<\/strong><\/td>\n\n\n\n\n<td width=\"227\">+ star\u00ed rodi\u010dia z\u00a0oboch str\u00e1n a\u00a0Hedviga<\/td>\n\n\n<\/tr>\n\n\n\n\n<tr>\n\n\n<td width=\"43\">18.00<\/td>\n\n\n\n\n<td width=\"28\"><strong>JV<\/strong><\/td>\n\n\n\n\n<td width=\"227\">+ rodi\u010dia z\u00a0oboch str\u00e1n<\/td>\n\n\n<\/tr>\n\n\n\n\n<tr>\n\n\n<td rowspan=\"2\" width=\"72\"><strong>Streda<\/strong>\n16.5.<\/td>\n\n\n\n\n<td rowspan=\"2\" width=\"142\"><em>Sv. J\u00e1na Nepomuck\u00e9ho, k\u0148aza a\u00a0mu\u010den\u00edka, spom.<\/em><\/td>\n\n\n\n\n<td width=\"43\">7.00<\/td>\n\n\n\n\n<td width=\"28\"><strong>MK<\/strong><\/td>\n\n\n\n\n<td width=\"227\">za dobrodincov Orat\u00f3ria<\/td>\n\n\n<\/tr>\n\n\n\n\n<tr>\n\n\n<td width=\"43\">18.00<\/td>\n\n\n\n\n<td width=\"28\"><strong>JV<\/strong><\/td>\n\n\n\n\n<td width=\"227\">+ brat a\u00a0rodi\u010dia<\/td>\n\n\n<\/tr>\n\n\n\n\n<tr>\n\n\n<td rowspan=\"2\" width=\"72\"><strong>\u0160tvrtok<\/strong>\n17.5.<\/td>\n\n\n\n\n<td rowspan=\"2\" width=\"142\"><em>\u00a0<\/em><\/td>\n\n\n\n\n<td width=\"43\">7.00<\/td>\n\n\n\n\n<td width=\"28\"><strong>MK<\/strong><\/td>\n\n\n\n\n<td width=\"227\">+ man\u017eel Franti\u0161ek a + rodi\u010dia<\/td>\n\n\n<\/tr>\n\n\n\n\n<tr>\n\n\n<td width=\"43\">18.00<\/td>\n\n\n\n\n<td width=\"28\"><strong>JV<\/strong><\/td>\n\n\n\n\n<td width=\"227\">+ rodi\u010dia J\u00e1n a\u00a0J\u00falia a\u00a0man\u017eel J\u00e1n<\/td>\n\n\n<\/tr>\n\n\n\n\n<tr>\n\n\n<td rowspan=\"2\" width=\"72\">\n\n\n<h1>Piatok<\/h1>\n\n\n18.5.<\/td>\n\n\n\n\n<td rowspan=\"2\" width=\"142\"><em>\u00a0<\/em><\/td>\n\n\n\n\n<td width=\"43\">7.00<\/td>\n\n\n\n\n<td width=\"28\"><strong>JV<\/strong><\/td>\n\n\n\n\n<td width=\"227\">po\u010fakovanie za Bo\u017eiu pomoc<\/td>\n\n\n<\/tr>\n\n\n\n\n<tr>\n\n\n<td width=\"43\">18.00<\/td>\n\n\n\n\n<td width=\"28\"><strong>A\u0160<\/strong><\/td>\n\n\n\n\n<td width=\"227\">za milos\u0165 viery pre deti<\/td>\n\n\n<\/tr>\n\n\n\n\n<tr>\n\n\n<td rowspan=\"2\" width=\"72\">\n\n\n<h1>Sobota<\/h1>\n\n\n19.5.<\/td>\n\n\n\n\n<td rowspan=\"2\" width=\"142\"><em>\u00a0<\/em><\/td>\n\n\n\n\n<td width=\"43\">7.30<\/td>\n\n\n\n\n<td width=\"28\"><strong>A\u0160<\/strong><\/td>\n\n\n\n\n<td width=\"227\">za nenaroden\u00e9 deti<\/td>\n\n\n<\/tr>\n\n\n\n\n<tr>\n\n\n<td width=\"43\">&nbsp;<\/td>\n\n\n\n\n<td width=\"28\"><strong>\u00a0<\/strong><\/td>\n\n\n\n\n<td width=\"227\"><em>\u00a0<\/em><\/td>\n\n\n<\/tr>\n\n\n\n\n<tr>\n\n\n<td rowspan=\"4\" width=\"72\">\n\n\n<h1>Nede\u013ea<\/h1>\n\n\n20.5.<\/td>\n\n\n\n\n<td rowspan=\"4\" width=\"142\"><strong>ZOSLANIE DUCHA SV\u00c4T\u00c9HO,<\/strong>\n<em>sl\u00e1vnos\u0165<\/em><\/td>\n\n\n\n\n<td width=\"43\">7.30<\/td>\n\n\n\n\n<td width=\"28\"><strong>MK<\/strong><\/td>\n\n\n\n\n<td width=\"227\">na \u00famysel<\/td>\n\n\n<\/tr>\n\n\n\n\n<tr>\n\n\n<td width=\"43\">9.00<\/td>\n\n\n\n\n<td width=\"28\"><strong>A\u0160<\/strong><\/td>\n\n\n\n\n<td width=\"227\">+ rodi\u010dia<\/td>\n\n\n<\/tr>\n\n\n\n\n<tr>\n\n\n<td width=\"43\">11.30<\/td>\n\n\n\n\n<td width=\"28\"><strong>JV<\/strong><\/td>\n\n\n\n\n<td width=\"227\">za farn\u00edkov<\/td>\n\n\n<\/tr>\n\n\n\n\n<tr>\n\n\n<td width=\"43\">18.00<\/td>\n\n\n\n\n<td width=\"28\"><strong>JV<\/strong><\/td>\n\n\n\n\n<td width=\"227\">+ J\u00e1n, M\u00e1ria a\u00a0ostatn\u00e1 rodina<\/td>\n\n\n<\/tr>\n\n\n<\/tbody>\n\n\n<\/table>\n\n\n<em>Inici\u00e1lky: JV \u2013 o. Juraj Vittek, A\u0160 \u2013 o. Andrej \u0160ottn\u00edk, MK \u2013 vdp. Martin Kramara<\/em>\n<strong>\u00a0<\/strong>\n<strong>Katech\u00e9za pre dospel\u00fdch, detsk\u00e1 om\u0161a, rodi\u010dia prvoprij\u00edmaj\u00facich<\/strong>\nV\u00a0utorok po sv. om\u0161i bude ma\u0165 katech\u00e9zu skupina o. Juraja. Skupina o. Andreja v\u00a0tomto t\u00fd\u017edni katech\u00e9zu nebude ma\u0165 kv\u00f4li Biblickej olympi\u00e1de. V\u00a0stredu nebude detsk\u00e1 sv. om\u0161a. V\u00a0piatok od\u00a017.00h bude v\u00a0kostole n\u00e1cvik det\u00ed na sl\u00e1vnos\u0165 prv\u00e9ho sv\u00e4t\u00e9ho prij\u00edmania. Pros\u00edme, aby ste sa v\u00a0tieto dni modlili ru\u017eenec v\u00a0pastora\u010dnom centre. V\u00a0sobotu dopoludnia budeme spoveda\u0165 prvoprij\u00edmaj\u00face deti. Rodi\u010dov a\u00a0pr\u00edbuzn\u00fdch povzbudzujeme na sv. spove\u010f po\u010das t\u00fd\u017ed\u0148a (spoved\u00e1me pol hodinu pred sv. om\u0161ou).\n<strong>Sl\u00e1vnos\u0165 prv\u00e9ho sv\u00e4t\u00e9ho prij\u00edmania<\/strong>\nTento t\u00fd\u017ede\u0148 na\u0161a farnos\u0165 pre\u017e\u00edva rados\u0165 z\u00a0prv\u00e9ho sv\u00e4t\u00e9ho prij\u00edmania na\u0161ich det\u00ed. Sl\u00e1vnos\u0165 prv\u00e9ho sv\u00e4t\u00e9ho prij\u00edmania bude na bud\u00faci t\u00fd\u017ede\u0148 v\u00a0nede\u013eu o\u00a011.00h. Pros\u00edme, aby ste zv\u00e1\u017eili \u00fa\u010das\u0165 na tejto om\u0161i, zvl\u00e1\u0161\u0165 t\u00ed, ktor\u00ed nevydr\u017eia po\u010das sv. om\u0161e st\u00e1\u0165, a\u00a0vybrali si pr\u00edpadne in\u00fa sv. om\u0161u vzh\u013eadom na mno\u017estvo det\u00ed (je ich 55) a\u00a0ich rodinn\u00fdch pr\u00edslu\u0161n\u00edkov. Do kostola bud\u00fa pusten\u00ed najprv \u0161tyria \u010dlenovia rodiny na ka\u017ed\u00e9ho prvoprij\u00edmaj\u00faceho (nech sa rodina rozhodne, komu d\u00e1 prednos\u0165) a\u00a0a\u017e potom ostatn\u00ed veriaci, kedy u\u017e bude \u0165a\u017eko n\u00e1js\u0165 miesto na sedenie. Pros\u00edme o\u00a0pochopenie a\u00a0toleranciu.\n<strong>Ohl\u00e1\u0161ky<\/strong>\nRektor\u00e1t k\u0148azsk\u00e9ho semin\u00e1ra n\u00e1s \u017eiada o\u00a0vykonanie nasledovn\u00fdch ohl\u00e1\u0161ok: \u201ePeter Repko, naroden\u00fd 12. novembra 1993 v\u00a0Bratislave, syn J\u00e1na Repku a\u00a0Zuzany, r. Kubi\u010dkovej, seminarista v\u00a0K\u0148azskom semin\u00e1ri v\u00a0Bratislave, bude d\u0148a 16. j\u00fana 2018 vysv\u00e4ten\u00fd za diakona. Kto by vedel o\u00a0nejakej cirkevnopr\u00e1vnej prek\u00e1\u017eke, je povinn\u00fd to nahl\u00e1si\u0165 na farskom \u00farade.\u201c\n<strong>Farsk\u00fd detsk\u00fd letn\u00fd t\u00e1bor<\/strong>\nV\u0161etky deti na\u0161ej farnosti vo veku od 7-13 rokov poz\u00fdvame na farsk\u00fd letn\u00fd detsk\u00fd t\u00e1bor LAB-orat\u00f3rium. Ak chcete urobi\u0165 nie\u010do pre rozvoj viery a\u00a0kres\u0165anskej kult\u00fary va\u0161ich det\u00ed, je to dobr\u00e1 vo\u013eba. T\u00e1bor sa uskuto\u010dn\u00ed v\u00a0d\u0148och 29. j\u00fala \u2013 5. augusta v\u00a0Jedlin\u00e1ch (pod Tr\u00edbe\u010dom). Cena je 140 \u20ac. Prihl\u00e1\u0161ky s\u00fa k dispoz\u00edcii v\u00a0sakristii a\u00a0na webe farnosti. Die\u0165a m\u00f4\u017ete prihl\u00e1si\u0165 na farskom \u00farade alebo v\u00a0stredu po detskej om\u0161i.\n<strong>T\u00e1bor rod\u00edn<\/strong>\nPoz\u00fdvame rodiny na Farsk\u00fd rodinn\u00fd t\u00e1bor, ktor\u00fd sa uskuto\u010dn\u00ed 8. &#8211; 12. augusta v zariaden\u00ed Rodinkovo v Belu\u0161sk\u00fdch Slatin\u00e1ch. Podrobnosti a kontakty n\u00e1jdete na v\u00fdveske pri v\u00fdchode z kostola.\n<strong>Kurz lektorov<\/strong>\nKatol\u00edcke biblick\u00e9 dielo v spolupr\u00e1ci s RKCMBF UK a Bratislavskou arcidiec\u00e9zou organizuje\u00a0<em>Kurz lektorov<\/em>, ktor\u00fd sa uskuto\u010dn\u00ed v sobotu 9. j\u00fana 2018 v\u00a0Aule Benedikta XVI. teologickej fakulty. Viac inform\u00e1ci\u00ed, program aj kontakt na registr\u00e1ciu na nach\u00e1dzaj\u00fa na n\u00e1stenke. Povzbudzujeme k\u00a0\u00fa\u010dasti v\u0161etk\u00fdch, ktor\u00ed v\u00a0na\u0161ej farnosti \u010d\u00edtaj\u00fa po\u010das liturgie Bo\u017eie Slovo alebo by chceli v\u00a0bud\u00facnosti \u010d\u00edta\u0165, aby sa z\u00fa\u010dastnili na tomto kurze. Farnos\u0165 im v\u00fddavky uhrad\u00ed. Pros\u00edme, aby ste svoju \u00fa\u010das\u0165 ozn\u00e1mili niektor\u00e9mu z\u00a0k\u0148azov.\n<strong>Oslava sviatku sv. Filipa N\u00e9riho<\/strong>\nBl\u00ed\u017ei sa sviatok sv. Filipa N\u00e9riho, 26. m\u00e1j. Sviatok osl\u00e1vime u\u017e v\u00a0predve\u010der, v\u00a0piatok 25. m\u00e1ja. Tento t\u00fd\u017ede\u0148 za\u010dneme v\u00a0stredu nov\u00e9nu k\u00a0tomuto n\u00e1\u0161mu patr\u00f3novi spojen\u00fa s\u00a0po\u017eehnan\u00edm s\u00a0jeho relikviami. Nov\u00e9na sa bude kona\u0165 po ve\u010dern\u00fdch sv. om\u0161iach. Srde\u010dne v\u0161etk\u00fdch poz\u00fdvame k\u00a0duchovn\u00e9mu spolo\u010denstvu s\u00a0t\u00fdmto majstrom du\u0161\u00ed.]]>\t\t<\/p>\n","protected":false},"excerpt":{"rendered":"<p>\t\t\t\t<![CDATA[&nbsp;<br \/>]]>\t\t<\/p>\n","protected":false},"author":2,"featured_media":0,"comment_status":"closed","ping_status":"closed","sticky":false,"template":"","format":"standard","meta":{"footnotes":""},"categories":[11],"tags":[],"_links":{"self":[{"href":"https:\/\/svatarodina.fara.sk\/index.php?rest_route=\/wp\/v2\/posts\/4960"}],"collection":[{"href":"https:\/\/svatarodina.fara.sk\/index.php?rest_route=\/wp\/v2\/posts"}],"about":[{"href":"https:\/\/svatarodina.fara.sk\/index.php?rest_route=\/wp\/v2\/types\/post"}],"author":[{"embeddable":true,"href":"https:\/\/svatarodina.fara.sk\/index.php?rest_route=\/wp\/v2\/users\/2"}],"replies":[{"embeddable":true,"href":"https:\/\/svatarodina.fara.sk\/index.php?rest_route=%2Fwp%2Fv2%2Fcomments&post=4960"}],"version-history":[{"count":0,"href":"https:\/\/svatarodina.fara.sk\/index.php?rest_route=\/wp\/v2\/posts\/4960\/revisions"}],"wp:attachment":[{"href":"https:\/\/svatarodina.fara.sk\/index.php?rest_route=%2Fwp%2Fv2%2Fmedia&parent=4960"}],"wp:term":[{"taxonomy":"category","embeddable":true,"href":"https:\/\/svatarodina.fara.sk\/index.php?rest_route=%2Fwp%2Fv2%2Fcategories&post=4960"},{"taxonomy":"post_tag","embeddable":true,"href":"https:\/\/svatarodina.fara.sk\/index.php?rest_route=%2Fwp%2Fv2%2Ftags&post=4960"}],"curies":[{"name":"wp","href":"https:\/\/api.w.org\/{rel}","templated":true}]}}