{"id":5637,"date":"2019-10-28T09:24:35","date_gmt":"2019-10-28T08:24:35","guid":{"rendered":"http:\/\/fara.sk\/svatarodina\/?p=5637"},"modified":"2019-10-28T09:24:35","modified_gmt":"2019-10-28T08:24:35","slug":"aktualne-farske-oznamy-30-nedela-v-cezrocnom-obdobi-27-oktober-2019","status":"publish","type":"post","link":"https:\/\/svatarodina.fara.sk\/?p=5637","title":{"rendered":"Farsk\u00e9 oznamy (30. cezro\u010dn\u00e1 nede\u013ea, 27. okt\u00f3ber 2019)"},"content":{"rendered":"<p>\t\t\t\t<![CDATA[&nbsp;\n\n\n<table width=\"512\">\n\n\n<tbody>\n\n\n<tr>\n\n\n<td colspan=\"2\" width=\"214\">\n\n\n<h1><strong>Liturgick\u00fd kalend\u00e1r<\/strong><\/h1>\n\n\n<\/td>\n\n\n\n\n<td colspan=\"3\" width=\"298\">\n\n\n<h2>\u00damysly<\/h2>\n\n\n<\/td>\n\n\n<\/tr>\n\n\n\n\n<tr>\n\n\n<td rowspan=\"4\" width=\"72\">\n\n\n<h1>Nede\u013ea<\/h1>\n\n\n27. 10.<\/td>\n\n\n\n\n<td rowspan=\"4\" width=\"142\"><strong>\u00a0<\/strong>\n<strong>30. NEDE\u013dA V\u00a0CEZRO\u010cNOM OBDOB\u00cd<\/strong>\n<strong>\u00a0<\/strong><\/td>\n\n\n\n\n<td width=\"43\">7.30<\/td>\n\n\n\n\n<td width=\"28\"><strong>ML<\/strong><\/td>\n\n\n\n\n<td width=\"227\">+pr\u00edbuzn\u00ed<\/td>\n\n\n<\/tr>\n\n\n\n\n<tr>\n\n\n<td width=\"43\">9.00<\/td>\n\n\n\n\n<td width=\"28\"><strong>ML<\/strong><\/td>\n\n\n\n\n<td width=\"227\">Za Bo\u017eiu pomoc a\u00a0obr\u00e1tenie rodiny<\/td>\n\n\n<\/tr>\n\n\n\n\n<tr>\n\n\n<td width=\"43\">10.30<\/td>\n\n\n\n\n<td width=\"28\"><strong>JV<\/strong><\/td>\n\n\n\n\n<td width=\"227\">Za farn\u00edkov<\/td>\n\n\n<\/tr>\n\n\n\n\n<tr>\n\n\n<td width=\"43\">18.00<\/td>\n\n\n\n\n<td width=\"28\"><strong>JD<\/strong><\/td>\n\n\n\n\n<td width=\"227\">+man\u017eel, otec a\u00a0rodi\u010dia z\u00a0oboch str\u00e1n<\/td>\n\n\n<\/tr>\n\n\n\n\n<tr>\n\n\n<td rowspan=\"2\" width=\"72\">\n\n\n<h1>Pondelok<\/h1>\n\n\n28. 10.<\/td>\n\n\n\n\n<td rowspan=\"2\" width=\"142\"><em>SV. \u0160IMONA A\u00a0J\u00daDU, APO\u0160TOLOV, sviatok<\/em><\/td>\n\n\n\n\n<td width=\"43\">7.00<\/td>\n\n\n\n\n<td width=\"28\"><strong>JV<\/strong><\/td>\n\n\n\n\n<td width=\"227\">Po\u010fakovanie za uzdravenie<\/td>\n\n\n<\/tr>\n\n\n\n\n<tr>\n\n\n<td width=\"43\">18.00<\/td>\n\n\n\n\n<td width=\"28\"><strong>ML<\/strong><\/td>\n\n\n\n\n<td width=\"227\">Po\u010fakovanie a\u00a0prosba za zdravie a\u00a0Bo\u017eie po\u017eehnanie pri pr\u00edle\u017eitosti \u017eivotn\u00e9ho jubilea<\/td>\n\n\n<\/tr>\n\n\n\n\n<tr>\n\n\n<td rowspan=\"2\" width=\"72\">Utorok\n29. 10.<\/td>\n\n\n\n\n<td rowspan=\"2\" width=\"142\"><em>\u00a0<\/em><\/td>\n\n\n\n\n<td width=\"43\">7.00<\/td>\n\n\n\n\n<td width=\"28\"><strong>ML<\/strong><\/td>\n\n\n\n\n<td width=\"227\">+man\u017eel a\u00a0jeho rodi\u010dia<\/td>\n\n\n<\/tr>\n\n\n\n\n<tr>\n\n\n<td width=\"43\">18.00<\/td>\n\n\n\n\n<td width=\"28\"><strong>JV<\/strong><\/td>\n\n\n\n\n<td width=\"227\">+Ondrej, Bo\u017eena, Vladim\u00edr, Zdena<\/td>\n\n\n<\/tr>\n\n\n\n\n<tr>\n\n\n<td rowspan=\"2\" width=\"72\">Streda\n30. 10.<\/td>\n\n\n\n\n<td rowspan=\"2\" width=\"142\"><em>\u00a0<\/em><\/td>\n\n\n\n\n<td width=\"43\">7.00<\/td>\n\n\n\n\n<td width=\"28\"><strong>ML<\/strong><\/td>\n\n\n\n\n<td width=\"227\">Za zdravie a\u00a0Bo\u017eiu pomoc pre Andrejka a\u00a0Marcelka<\/td>\n\n\n<\/tr>\n\n\n\n\n<tr>\n\n\n<td width=\"43\">18.00<\/td>\n\n\n\n\n<td width=\"28\"><strong>JV<\/strong><\/td>\n\n\n\n\n<td width=\"227\">Za Bo\u017eie pomoc<\/td>\n\n\n<\/tr>\n\n\n\n\n<tr>\n\n\n<td rowspan=\"2\" width=\"72\">\u0160tvrtok\n31. 10.<\/td>\n\n\n\n\n<td rowspan=\"2\" width=\"142\"><em>\u00a0<\/em><\/td>\n\n\n\n\n<td width=\"43\">7.00<\/td>\n\n\n\n\n<td width=\"28\"><strong>JV<\/strong><\/td>\n\n\n\n\n<td width=\"227\">+ pr\u00edbuzn\u00fdch<\/td>\n\n\n<\/tr>\n\n\n\n\n<tr>\n\n\n<td width=\"43\">18.00<\/td>\n\n\n\n\n<td width=\"28\"><strong>ML<\/strong><\/td>\n\n\n\n\n<td width=\"227\">Za uzdravenie Adamka<\/td>\n\n\n<\/tr>\n\n\n\n\n<tr>\n\n\n<td rowspan=\"4\" width=\"72\">\n\n\n<h1>Piatok<\/h1>\n\n\n1. 11.<\/td>\n\n\n\n\n<td rowspan=\"4\" width=\"142\"><strong>SL\u00c1VNOS\u0164<\/strong>\n<strong>\u00a0V\u0160ETK\u00ddCH SV\u00c4T\u00ddCH<\/strong>\n<strong>PRIK\u00c1ZAN\u00dd SVIATOK<\/strong><\/td>\n\n\n\n\n<td width=\"43\">7.30<\/td>\n\n\n\n\n<td width=\"28\"><strong>ML<\/strong><\/td>\n\n\n\n\n<td width=\"227\">+sestra Helena a\u00a0zosnul\u00ed z rodiny<\/td>\n\n\n<\/tr>\n\n\n\n\n<tr>\n\n\n<td width=\"43\">9.00<\/td>\n\n\n\n\n<td width=\"28\"><strong>JH<\/strong><\/td>\n\n\n\n\n<td width=\"227\">+Barboru Jobb\u00e1gyov\u00fa\n&nbsp;<\/td>\n\n\n<\/tr>\n\n\n\n\n<tr>\n\n\n<td width=\"43\">10.30<\/td>\n\n\n\n\n<td width=\"28\"><strong>JV<\/strong><\/td>\n\n\n\n\n<td width=\"227\">Za farn\u00edkov<\/td>\n\n\n<\/tr>\n\n\n\n\n<tr>\n\n\n<td width=\"43\">18.00<\/td>\n\n\n\n\n<td width=\"28\"><strong>JD<\/strong><\/td>\n\n\n\n\n<td width=\"227\">+rodi\u010dia Ondrej a\u00a0Jozef\u00edn\u00e1, Kon\u0161tant\u00edn a Al\u017ebeta<\/td>\n\n\n<\/tr>\n\n\n\n\n<tr>\n\n\n<td rowspan=\"2\" width=\"72\">\n\n\n<h1>Sobota<\/h1>\n\n\n2. 11.<\/td>\n\n\n\n\n<td rowspan=\"2\" width=\"142\"><em>SPOMIENKA NA V\u0160ETK\u00ddCH VERN\u00ddCH ZOSNUL\u00ddCH<\/em><\/td>\n\n\n\n\n<td width=\"43\">8.00<\/td>\n\n\n\n\n<td width=\"28\"><strong>ML<\/strong><\/td>\n\n\n\n\n<td width=\"227\">+\u010dlenov Ru\u017eencov\u00e9ho bratstva a\u00a0za zosnul\u00fdch pr\u00edbuzn\u00fdch \u010dlenov Ru\u017eencov\u00e9ho bratstva<\/td>\n\n\n<\/tr>\n\n\n\n\n<tr>\n\n\n<td width=\"43\">18.00<\/td>\n\n\n\n\n<td width=\"28\"><strong>JV<\/strong><\/td>\n\n\n\n\n<td width=\"227\">Za du\u0161e v\u00a0o\u010distci na ktor\u00e9 si nikto nespom\u00edna<\/td>\n\n\n<\/tr>\n\n\n\n\n<tr>\n\n\n<td rowspan=\"4\" width=\"72\">\n\n\n<h1>Nede\u013ea<\/h1>\n\n\n3. 11.<\/td>\n\n\n\n\n<td rowspan=\"4\" width=\"142\"><strong>\u00a0<\/strong>\n<strong>31. NEDE\u013dA V\u00a0CEZRO\u010cNOM OBDOB\u00cd<\/strong>\n<strong>\u00a0<\/strong>\n<strong>\u00a0<\/strong><\/td>\n\n\n\n\n<td width=\"43\">7.30<\/td>\n\n\n\n\n<td width=\"28\"><strong>JV<\/strong><\/td>\n\n\n\n\n<td width=\"227\">Za du\u0161e v\u00a0o\u010distci na ktor\u00e9 si nikto nespom\u00edna<\/td>\n\n\n<\/tr>\n\n\n\n\n<tr>\n\n\n<td width=\"43\">9.00<\/td>\n\n\n\n\n<td width=\"28\"><strong>JV<\/strong><\/td>\n\n\n\n\n<td width=\"227\">+rodi\u010dia a\u00a0st. rodi\u010dia<\/td>\n\n\n<\/tr>\n\n\n\n\n<tr>\n\n\n<td width=\"43\">10.30<\/td>\n\n\n\n\n<td width=\"28\"><strong>ML<\/strong><\/td>\n\n\n\n\n<td width=\"227\">Za farn\u00edkov<\/td>\n\n\n<\/tr>\n\n\n\n\n<tr>\n\n\n<td width=\"43\">18.00<\/td>\n\n\n\n\n<td width=\"28\"><strong>JD<\/strong><\/td>\n\n\n\n\n<td width=\"227\">+Drahoslava a Eduard<\/td>\n\n\n<\/tr>\n\n\n<\/tbody>\n\n\n<\/table>\n\n\n<strong>\u00a0<\/strong>\n<em>Inici\u00e1lky: JV \u2013 o. Juraj Vittek, ML \u2013 dp. Mari\u00e1n Luk\u00e1\u010d, JD \u2013 vdp. Juraj Drobn\u00fd, Mons. Jozef Ha\u013eko, pomocn\u00fd biskup BA<\/em>\n<em>\u00a0<\/em>\n<strong>Svie\u010dka za nenaroden\u00e9 deti<\/strong>\nOb\u010diansk\u00e9 zdru\u017eenie F\u00f3rum \u017eivota aj tento rok v\u00a0\u010dase Pamiatky zosnul\u00fdch organizuje pravideln\u00fa zbierku pod n\u00e1zvom Svie\u010dka za nenaroden\u00e9 deti. K\u00fapou svie\u010dky podpor\u00edte projekty konkr\u00e9tnej pomoci F\u00f3ra \u017eivota \u017een\u00e1m, ktor\u00e9 za\u017eili spont\u00e1nny potrat, alebo \u017een\u00e1m, ktor\u00e9 s\u00fa zasiahnut\u00e9 umel\u00fdm potratom, resp. zva\u017euj\u00fa potrat. Svie\u010dky sa bud\u00fa pred\u00e1va\u0165 dne\u0161n\u00fa nede\u013eu 27. okt\u00f3bra po v\u0161etk\u00fdch sv. om\u0161iach. Mal\u00e1 svie\u010dka stoj\u00ed 1 EUR, ve\u013ek\u00e1 v\u00a0skle 4 EUR. Za va\u0161e milodary vyslovujeme u\u017e vopred \u00faprim\u00e9 Pan Boh zapla\u0165.\n<strong>Katech\u00e9za pre dospel\u00fdch<\/strong>\nV utorok po ve\u010dernej sv. om\u0161i bude katech\u00e9za o. Juraja pre dospel\u00fdch.\n<strong>\u00daradn\u00e9 hodiny<\/strong>\n\u00daradn\u00e9 hodiny bud\u00fa v\u00a0tomto t\u00fd\u017edni iba v\u00a0pondelok od 16.00 do 17.00h.\n<strong>Ve\u010der sv\u00e4t\u00fdch<\/strong>\n\n\n<ol start=\"31\">\n \t\n\n<li>okt\u00f3bra v\u00a0predve\u010der sviatku V\u0161etk\u00fdch sv\u00e4t\u00fdch sme zvykli organizova\u0165 pre deti Ve\u010der sv\u00e4t\u00fdch. Tento rok sme prijali pozvanie Spolo\u010denstva Ladislava Hanusa k\u00a0spolupr\u00e1ci a\u00a0na \u00fa\u010dasti akcie s\u00a0n\u00e1zvom <em>Sprievod v\u0161etk\u00fdch sv\u00e4t\u00fdch mestom<\/em>. Akciu organizujeme aj v\u00a0spolupr\u00e1ci s\u00a0gr\u00e9ckokatol\u00edckou farnos\u0165ou Star\u00e9 mesto. Sprievod sa uskuto\u010dn\u00ed vo \u0161tvrtok 31. okt\u00f3bra. P\u00f4jde o radostn\u00fd sprievod det\u00ed (a ich rodi\u010dov) v\u00a0oble\u010den\u00ed pripom\u00ednaj\u00faceho niektor\u00e9ho sv\u00e4t\u00e9ho, so svie\u010dkami a lamp\u00e1\u0161mi ulicami mesta. Sprievod det\u00ed pripom\u00ednaj\u00facich rozli\u010dn\u00fdch sv\u00e4t\u00fdch bude sprev\u00e1dzan\u00fd spevom a\u00a0hudobn\u00fdmi n\u00e1strojmi. Nezabudnite deti teplo obliec\u0165. Program sa za\u010d\u00edna o 16:00 detskou sv. om\u0161ou pre rodiny s de\u0165mi vo Franti\u0161k\u00e1nskom kostole, ktor\u00fa bude sl\u00e1vi\u0165 o. Juraj Vittek. O 17:00 bude za\u010diatok sprievodu na Franti\u0161k\u00e1nskom n\u00e1mest\u00ed (trasa sprievodu: Franti\u0161k\u00e1nske n\u00e1mestie &#8211; Hlavn\u00e9 n\u00e1mestie &#8211; Michalsk\u00e1 br\u00e1na &#8211; Obchodn\u00e1 ulica &#8211; Ondrejsk\u00fd cintor\u00edn). O 18:00 bude koniec sprievodu na Ondrejskom cintor\u00edne, kde zap\u00e1lime svie\u010dky pri hlavnom kr\u00ed\u017ei. Po modlitbe pri hlavnom kr\u00ed\u017ei a zap\u00e1len\u00ed svie\u010dok bude mal\u00e9 agap\u00e9.\u00a0Srde\u010dne poz\u00fdvame v\u0161etky na\u0161e rodiny, zvl\u00e1s\u0165 rodiny prvoprij\u00edmaj\u00facich det\u00ed k\u00a0\u00fa\u010dasti na tomto podujat\u00ed. Je to radostn\u00fd sp\u00f4sob, ako nau\u010di\u0165 na\u0161e deti pre\u017e\u00edva\u0165 vo viere sviatky V\u0161etk\u00fdch sv\u00e4t\u00fdch, ktor\u00fdch kres\u0165ansk\u00fd obsah je pri rozli\u010dn\u00fdch tzv. halloweenskych oslav\u00e1ch zabudnut\u00fd a\u00a0znetvoren\u00fd.<\/li>\n\n\n<\/ol>\n\n\n<strong>Spovedanie k sviatkom<\/strong>\nTento t\u00fd\u017ede\u0148 budeme intenz\u00edvnej\u0161ie spoveda\u0165 pred bl\u00ed\u017eiacimi sa sviatkami V\u0161etk\u00fdch sv\u00e4t\u00fdch ka\u017ed\u00fd ve\u010der (okrem \u0161tvrtka) od 17.00h a\u00a0po\u010das ve\u010dern\u00fdch om\u0161\u00ed pod\u013ea potreby. V\u00a0piatok budeme spoveda\u0165 ako v\u00a0nede\u013eu. Sme k\u00a0dispoz\u00edcii aj po\u010das sv. om\u0161\u00ed v\u00a0nede\u013eu a\u00a0v\u00a0prik\u00e1zan\u00fd sviatok, ale povzbudzujeme v\u00e1s, aby ste pam\u00e4tali aj na povinnos\u0165 z\u00fa\u010dastni\u0165 sa v\u00a0nede\u013eu a\u00a0v\u00a0prik\u00e1zan\u00fd sviatok na celej sv. om\u0161i.\n<strong>Sl\u00e1vnos\u0165 V\u0161etk\u00fdch sv\u00e4t\u00fdch\u00a0\u00a0\u00a0\u00a0\u00a0\u00a0\u00a0\u00a0\u00a0\u00a0\u00a0 <\/strong>\nJe v piatok. Je to prik\u00e1zan\u00fd sviatok. Sv. om\u0161e s\u00fa ako v\u00a0nede\u013eu. Ve\u010dern\u00e1 sv. om\u0161a vo \u0161tvrtok je u\u017e s\u00a0platnos\u0165ou na nasleduj\u00faci sviatok V\u0161etk\u00fdch sv\u00e4t\u00fdch. Verbisti z\u00a0farnosti Sv\u00e4t\u00e9ho Kr\u00ed\u017ea bud\u00fa ma\u0165 na petr\u017ealskom cintor\u00edne sv. om\u0161u o\u00a015.00h.\n<strong>Spomienka na v\u0161etk\u00fdch vern\u00fdch zosnul\u00fdch<\/strong>\nJe v\u00a0sobotu. Nie je to prik\u00e1zan\u00fd sviatok, ale odpor\u00fa\u010da sa \u00eds\u0165 na sv. om\u0161u a\u00a0obetova\u0165 ju za du\u0161e v o\u010distci. Sv. om\u0161e bud\u00fa o\u00a08.00 a\u00a0o\u00a018.00. Po sv. om\u0161i vykon\u00e1me ako zvy\u010dajne du\u0161i\u010dkov\u00fa pobo\u017enos\u0165 pri kr\u00ed\u017ei v\u00a0are\u00e1li kostola.\n<strong>Stretnutie Ru\u017eencov\u00e9ho bratstva<\/strong>\nHorlite\u013e n\u00e1\u0161ho Ru\u017eencov\u00e9ho bratstva oznamuje, \u017ee v\u00a0sobotu bude stretnutie \u010dlenov. O\u00a07.30h bude modlitba sv. Ru\u017eenca, po nej sv. om\u0161a, potom spolo\u010dn\u00e1 modlitba a\u00a0v\u00fdmena karti\u010diek s\u00a0tajomstvami.\n<strong>\u00dapln\u00e9 odpustky pre du\u0161e v o\u010distci <\/strong>\n\n\n<ol>\n \t\n\n<li>2. novembra<\/li>\n\n\n<\/ol>\n\n\nVeriaci, ktor\u00fd v\u00a0de\u0148 Spomienky na v\u0161etk\u00fdch vern\u00fdch zosnul\u00fdch n\u00e1bo\u017ene nav\u0161t\u00edvi kostol alebo kaplnku a pomodl\u00ed sa Modlitbu P\u00e1na a vyznanie viery &#8211; Ver\u00edm v\u00a0Boha, m\u00f4\u017ee z\u00edska\u0165 \u00fapln\u00e9 odpustky, av\u0161ak tie sa m\u00f4\u017eu privlastni\u0165 iba du\u0161iam v\u00a0o\u010distci. Tu sa e\u0161te \u017eiada sv. spove\u010f (kr\u00e1tko predt\u00fdm, alebo potom), sv. prij\u00edmanie (najlep\u0161ie v ten ist\u00fd de\u0148)a modlitba na \u00famysel Sv. Otca (Ot\u010den\u00e1\u0161, Zdravas, Sl\u00e1va). Vo v\u0161eobecnosti treba vyl\u00fa\u010di\u0165 ak\u00fako\u013evek prip\u00fatanos\u0165 k\u00a0hriechu aj k\u00a0\u013eahk\u00e9mu.Tieto odpustky mo\u017eno z\u00edska\u0165 od poludnia predch\u00e1dzaj\u00faceho d\u0148a a\u017e do polnoci ur\u010den\u00e9ho d\u0148a.\n\n\n<ol>\n \t\n\n<li>1. &#8211; 8. novembra<\/li>\n\n\n<\/ol>\n\n\nVeriaci, ktor\u00fd n\u00e1bo\u017ene nav\u0161t\u00edvi cintor\u00edn a aspo\u0148 mys\u013eou sa pomodl\u00ed za zosnul\u00fdch, m\u00f4\u017ee z\u00edska\u0165 odpustky privlast\u0148uj\u00face sa iba du\u0161iam v\u00a0o\u010distci, raz denne. Treba splni\u0165 aj \u010fal\u0161ie u\u017e spom\u00ednan\u00e9 podmienky. Jedna sv\u00e4t\u00e1 spove\u010f v\u0161ak sta\u010d\u00ed na v\u0161etky odpustky.\n<strong>H\u013ead\u00e1me administr\u00e1tora farskej webovej str\u00e1nky<\/strong>\nH\u013ead\u00e1me ochotn\u00e9ho farn\u00edka \u010di farn\u00edkov, ktor\u00ed by sa podujali kona\u0165 slu\u017ebu administr\u00e1tora na\u0161ej webovej str\u00e1nky. O\u00a0edit\u00e1ciu str\u00e1nky sa vieme stara\u0165, ale potrebovali by sme niekoho, kto by n\u00e1m ju pomohol efekt\u00edvne prerobi\u0165 a\u00a0kto by sa staral o\u00a0jej bezpe\u010dnos\u0165. Prihl\u00e1si\u0165 sa m\u00f4\u017ete u\u00a0otca Juraja. \u010eakujeme vopred za pomoc.]]>\t\t<\/p>\n","protected":false},"excerpt":{"rendered":"<p>\t\t\t\t<![CDATA[&nbsp;<br \/>]]>\t\t<\/p>\n","protected":false},"author":2,"featured_media":0,"comment_status":"closed","ping_status":"closed","sticky":false,"template":"","format":"standard","meta":{"footnotes":""},"categories":[11],"tags":[],"_links":{"self":[{"href":"https:\/\/svatarodina.fara.sk\/index.php?rest_route=\/wp\/v2\/posts\/5637"}],"collection":[{"href":"https:\/\/svatarodina.fara.sk\/index.php?rest_route=\/wp\/v2\/posts"}],"about":[{"href":"https:\/\/svatarodina.fara.sk\/index.php?rest_route=\/wp\/v2\/types\/post"}],"author":[{"embeddable":true,"href":"https:\/\/svatarodina.fara.sk\/index.php?rest_route=\/wp\/v2\/users\/2"}],"replies":[{"embeddable":true,"href":"https:\/\/svatarodina.fara.sk\/index.php?rest_route=%2Fwp%2Fv2%2Fcomments&post=5637"}],"version-history":[{"count":0,"href":"https:\/\/svatarodina.fara.sk\/index.php?rest_route=\/wp\/v2\/posts\/5637\/revisions"}],"wp:attachment":[{"href":"https:\/\/svatarodina.fara.sk\/index.php?rest_route=%2Fwp%2Fv2%2Fmedia&parent=5637"}],"wp:term":[{"taxonomy":"category","embeddable":true,"href":"https:\/\/svatarodina.fara.sk\/index.php?rest_route=%2Fwp%2Fv2%2Fcategories&post=5637"},{"taxonomy":"post_tag","embeddable":true,"href":"https:\/\/svatarodina.fara.sk\/index.php?rest_route=%2Fwp%2Fv2%2Ftags&post=5637"}],"curies":[{"name":"wp","href":"https:\/\/api.w.org\/{rel}","templated":true}]}}