{"id":5641,"date":"2019-11-04T12:09:52","date_gmt":"2019-11-04T11:09:52","guid":{"rendered":"http:\/\/fara.sk\/svatarodina\/?p=5641"},"modified":"2019-11-04T12:09:52","modified_gmt":"2019-11-04T11:09:52","slug":"aktualne-farske-oznamy-31-cezrocna-nedela-3-november-2019","status":"publish","type":"post","link":"https:\/\/svatarodina.fara.sk\/?p=5641","title":{"rendered":"Farsk\u00e9 oznamy (31. cezro\u010dn\u00e1 nede\u013ea, 3. november 2019)"},"content":{"rendered":"<p>\t\t\t\t<![CDATA[<strong>\u00a0<\/strong>\n\n\n<table width=\"512\">\n\n\n<tbody>\n\n\n<tr>\n\n\n<td colspan=\"2\" width=\"214\">\n\n\n<h1><strong>Liturgick\u00fd kalend\u00e1r<\/strong><\/h1>\n\n\n<\/td>\n\n\n\n\n<td colspan=\"3\" width=\"298\">\n\n\n<h2>\u00damysly<\/h2>\n\n\n<\/td>\n\n\n<\/tr>\n\n\n\n\n<tr>\n\n\n<td rowspan=\"4\" width=\"72\">\n\n\n<h1>Nede\u013ea<\/h1>\n\n\n3. 11.<\/td>\n\n\n\n\n<td rowspan=\"4\" width=\"142\"><strong>\u00a0<\/strong>\n<strong>31. NEDE\u013dA V\u00a0CEZRO\u010cNOM OBDOB\u00cd<\/strong>\n<strong>\u00a0<\/strong><\/td>\n\n\n\n\n<td width=\"43\">7.30<\/td>\n\n\n\n\n<td width=\"28\"><strong>JV<\/strong><\/td>\n\n\n\n\n<td width=\"227\">Za du\u0161e v\u00a0o\u010distci na ktor\u00e9 si nikto nespom\u00edna<\/td>\n\n\n<\/tr>\n\n\n\n\n<tr>\n\n\n<td width=\"43\">9.00<\/td>\n\n\n\n\n<td width=\"28\"><strong>JV<\/strong><\/td>\n\n\n\n\n<td width=\"227\">+rodi\u010dia a\u00a0st. rodi\u010dia<\/td>\n\n\n<\/tr>\n\n\n\n\n<tr>\n\n\n<td width=\"43\">10.30<\/td>\n\n\n\n\n<td width=\"28\"><strong>ML<\/strong><\/td>\n\n\n\n\n<td width=\"227\">Za farn\u00edkov<\/td>\n\n\n<\/tr>\n\n\n\n\n<tr>\n\n\n<td width=\"43\">18.00<\/td>\n\n\n\n\n<td width=\"28\"><strong>JD<\/strong><\/td>\n\n\n\n\n<td width=\"227\">+Drahoslava a Eduard<\/td>\n\n\n<\/tr>\n\n\n\n\n<tr>\n\n\n<td rowspan=\"2\" width=\"72\">\n\n\n<h1>Pondelok<\/h1>\n\n\n4. 11.<\/td>\n\n\n\n\n<td rowspan=\"2\" width=\"142\"><em>sv. Karol Borromejsk\u00fd, spom.<\/em><\/td>\n\n\n\n\n<td width=\"43\">7.00<\/td>\n\n\n\n\n<td width=\"28\"><strong>ML<\/strong><\/td>\n\n\n\n\n<td width=\"227\">+otec Karol<\/td>\n\n\n<\/tr>\n\n\n\n\n<tr>\n\n\n<td width=\"43\">18.00<\/td>\n\n\n\n\n<td width=\"28\"><strong>JV<\/strong><\/td>\n\n\n\n\n<td width=\"227\">Za zdravie a\u00a0Bo\u017eie po\u017eehnanie pre deti a\u00a0ich rodiny<\/td>\n\n\n<\/tr>\n\n\n\n\n<tr>\n\n\n<td rowspan=\"2\" width=\"72\">Utorok\n5. 11.<\/td>\n\n\n\n\n<td rowspan=\"2\" width=\"142\"><em>sv. Imricha, \u013e. spom.<\/em><\/td>\n\n\n\n\n<td width=\"43\">7.00<\/td>\n\n\n\n\n<td width=\"28\"><strong>ML<\/strong><\/td>\n\n\n\n\n<td width=\"227\">+rodi\u010dia, sestra, \u0161vagor a svokrovci<\/td>\n\n\n<\/tr>\n\n\n\n\n<tr>\n\n\n<td width=\"43\">18.00<\/td>\n\n\n\n\n<td width=\"28\"><strong>JV<\/strong><\/td>\n\n\n\n\n<td width=\"227\">+Anna, Peter , Anna<\/td>\n\n\n<\/tr>\n\n\n\n\n<tr>\n\n\n<td rowspan=\"2\" width=\"72\">Streda\n6. 11.<\/td>\n\n\n\n\n<td rowspan=\"2\" width=\"142\"><em>\u00a0<\/em><\/td>\n\n\n\n\n<td width=\"43\">7.00<\/td>\n\n\n\n\n<td width=\"28\"><strong>ML<\/strong><\/td>\n\n\n\n\n<td width=\"227\">+Jozef a\u00a0M\u00e1ria a\u00a0st. rodi\u010dia z\u00a0oboch str\u00e1n<\/td>\n\n\n<\/tr>\n\n\n\n\n<tr>\n\n\n<td width=\"43\">18.00<\/td>\n\n\n\n\n<td width=\"28\"><strong>JV<\/strong><\/td>\n\n\n\n\n<td width=\"227\">+rodi\u010dia a rodina<\/td>\n\n\n<\/tr>\n\n\n\n\n<tr>\n\n\n<td rowspan=\"2\" width=\"72\">\u0160tvrtok\n7. 11.<\/td>\n\n\n\n\n<td rowspan=\"2\" width=\"142\"><em>\u00a0<\/em><\/td>\n\n\n\n\n<td width=\"43\">7.00<\/td>\n\n\n\n\n<td width=\"28\"><strong>JV<\/strong><\/td>\n\n\n\n\n<td width=\"227\">Za duchovn\u00e9 povolania<\/td>\n\n\n<\/tr>\n\n\n\n\n<tr>\n\n\n<td width=\"43\">18.00<\/td>\n\n\n\n\n<td width=\"28\"><strong>ML<\/strong><\/td>\n\n\n\n\n<td width=\"227\">+Ign\u00e1c, M\u00e1ria, \u0160tefan, Peter a\u00a0st. rodi\u010dia<\/td>\n\n\n<\/tr>\n\n\n\n\n<tr>\n\n\n<td rowspan=\"2\" width=\"72\">Piatok\n8. 11.<\/td>\n\n\n\n\n<td rowspan=\"2\" width=\"142\"><em>\u00a0<\/em><\/td>\n\n\n\n\n<td width=\"43\">7.00<\/td>\n\n\n\n\n<td width=\"28\"><strong>JV<\/strong><\/td>\n\n\n\n\n<td width=\"227\">Za zdravie a\u00a0Bo\u017eiu pomoc pre Miroslava Rybu<\/td>\n\n\n<\/tr>\n\n\n\n\n<tr>\n\n\n<td width=\"43\">18.00<\/td>\n\n\n\n\n<td width=\"28\"><strong>ML<\/strong><\/td>\n\n\n\n\n<td width=\"227\">+dc\u00e9ra Eva a ostatn\u00e1 rodina<\/td>\n\n\n<\/tr>\n\n\n\n\n<tr>\n\n\n<td rowspan=\"2\" width=\"72\">\n\n\n<h1>Sobota<\/h1>\n\n\n9. 11.<\/td>\n\n\n\n\n<td rowspan=\"2\" width=\"142\"><em>V\u00ddRO\u010cIE POSVIACKY LATER\u00c1NSKEJ BAZILIKY, SVIATOK<\/em><\/td>\n\n\n\n\n<td width=\"43\">7.30<\/td>\n\n\n\n\n<td width=\"28\"><strong>JV<\/strong><\/td>\n\n\n\n\n<td width=\"227\">+man\u017eel rodi\u010dia z\u00a0oboch str\u00e1n<\/td>\n\n\n<\/tr>\n\n\n\n\n<tr>\n\n\n<td width=\"43\">&nbsp;<\/td>\n\n\n\n\n<td width=\"28\"><strong>\u00a0<\/strong><\/td>\n\n\n\n\n<td width=\"227\">&nbsp;<\/td>\n\n\n<\/tr>\n\n\n\n\n<tr>\n\n\n<td rowspan=\"4\" width=\"72\">\n\n\n<h1>Nede\u013ea<\/h1>\n\n\n10. 11.<\/td>\n\n\n\n\n<td rowspan=\"4\" width=\"142\"><strong>\u00a0<\/strong>\n<strong>32. NEDE\u013dA V\u00a0CEZRO\u010cNOM OBDOB\u00cd<\/strong>\n<strong>\u00a0<\/strong>\n<strong>\u00a0<\/strong><\/td>\n\n\n\n\n<td width=\"43\">7.30<\/td>\n\n\n\n\n<td width=\"28\"><strong>JV<\/strong><\/td>\n\n\n\n\n<td width=\"227\">Za zdravie a\u00a0Bo\u017eiu pomoc<\/td>\n\n\n<\/tr>\n\n\n\n\n<tr>\n\n\n<td width=\"43\">9.00<\/td>\n\n\n\n\n<td width=\"28\"><strong>JV<\/strong><\/td>\n\n\n\n\n<td width=\"227\">+\u0160tefan<\/td>\n\n\n<\/tr>\n\n\n\n\n<tr>\n\n\n<td width=\"43\">10.30<\/td>\n\n\n\n\n<td width=\"28\"><strong>ML<\/strong><\/td>\n\n\n\n\n<td width=\"227\">Za farn\u00edkov<\/td>\n\n\n<\/tr>\n\n\n\n\n<tr>\n\n\n<td width=\"43\">18.00<\/td>\n\n\n\n\n<td width=\"28\"><strong>JD<\/strong><\/td>\n\n\n\n\n<td width=\"227\">Za zdravie a\u00a0Bo\u017eiu pomoc pre rodinu<\/td>\n\n\n<\/tr>\n\n\n<\/tbody>\n\n\n<\/table>\n\n\n<strong>\u00a0<\/strong>\n<em>Inici\u00e1lky: JV \u2013 o. Juraj Vittek, ML \u2013 dp. Mari\u00e1n Luk\u00e1\u010d, JD \u2013 vdp. Juraj Drobn\u00fd<\/em>\n<strong>\u00dapln\u00e9 odpustky pre du\u0161e v o\u010distci <\/strong>\n\n\n<ol>\n \t\n\n<li>&#8211; 8. novembra<\/li>\n\n\n<\/ol>\n\n\nVeriaci, ktor\u00fd n\u00e1bo\u017ene nav\u0161t\u00edvi cintor\u00edn a aspo\u0148 mys\u013eou sa pomodl\u00ed za zosnul\u00fdch, m\u00f4\u017ee z\u00edska\u0165 odpustky privlast\u0148uj\u00face sa iba du\u0161iam v\u00a0o\u010distci, raz denne. Tu sa e\u0161te \u017eiada sv. spove\u010f (predt\u00fdm alebo potom, treba by\u0165 v stave posv\u00e4cuj\u00facej milosti), sv. prij\u00edmanie a\u00a0modlitba na \u00famysel Sv. Otca. Treba vyl\u00fa\u010di\u0165 prip\u00fatanos\u0165 k\u00a0hriechu, aj \u013eahk\u00e9mu.\n<strong>\u00a0<\/strong>\n<strong>Stretnutie klubu kres\u0165ansk\u00fdch seniorov<\/strong>\nV\u00a0pondelok 4. novembra o\u00a015.30 h bude v\u00a0Pastora\u010dnom centre stretnutie Klubu kres\u0165ansk\u00fdch seniorov. Ste srde\u010dne pozvan\u00ed. Program a\u00a0pozv\u00e1nka s\u00fa na n\u00e1stenke pri vchode do kostola.\n<strong>Katech\u00e9za pre dospel\u00fdch<\/strong>\nV utorok po ve\u010dernej sv. om\u0161i bude katech\u00e9za o. Juraja pre dospel\u00fdch.\n<strong>H\u013ead\u00e1me administr\u00e1tora farskej webovej str\u00e1nky<\/strong>\nH\u013ead\u00e1me ochotn\u00e9ho farn\u00edka \u010di farn\u00edkov, ktor\u00ed by sa podujali kona\u0165 slu\u017ebu administr\u00e1tora na\u0161ej webovej str\u00e1nky. O\u00a0editovanie str\u00e1nky sa vieme stara\u0165, ale potrebovali by sme niekoho, kto by n\u00e1m ju pomohol efekt\u00edvne prerobi\u0165 a\u00a0kto by sa staral o\u00a0jej bezpe\u010dnos\u0165. Prihl\u00e1si\u0165 sa m\u00f4\u017ete u\u00a0otca Juraja. \u010eakujeme vopred za pomoc.\n<strong>Detsk\u00e1 sv. om\u0161a, birmovanci<\/strong>\nV\u00a0stredu bude detsk\u00e1 sv. om\u0161a spojen\u00e1 s\u00a0katech\u00e9zou prvoprij\u00edmaj\u00facich det\u00ed. Prvoprij\u00edmaj\u00face deti sa stretaj\u00fa u\u017e o 17.25h v pastora\u010dnom centre s anim\u00e1tormi.\nNa bud\u00faci \u0161tvrtok bude katech\u00e9za birmovancov po sv. om\u0161i.\n<strong>Lectio divina<\/strong>\nV stredu 6. novembra 2019 o 20.00 hod. sa bude v Katedr\u00e1le sv. Martina kona\u0165 \u010fal\u0161ie modlitbov\u00e9 stretnutie sp\u00f4sobom Lectio divina, ktor\u00e9 bude vies\u0165 bratislavsk\u00fd arcibiskup Mons. Stanislav Zvolensk\u00fd. Stretnutie m\u00e1 n\u00e1zov L\u00e1ska \u2013 \u201eL\u00e1ska je mocn\u00e1 ako smr\u0165\u201c (Pies 8, 5-7).\n<strong>Sv\u00e4tomartinsk\u00e9 trojdnie<\/strong>\nSrde\u010dne poz\u00fdvame v\u0161etk\u00fdch veriacich do Katedr\u00e1ly sv\u00e4t\u00e9ho Martina v Bratislave na sl\u00e1venie Sv\u00e4tomartinsk\u00e9ho trojdnia v\u00a0d\u0148och 9.-11. novembra 2019. Sl\u00e1vnostn\u00e9 sv\u00e4t\u00e9 om\u0161e bud\u00fa v\u00a0sobotu 9. novembra o\u00a017.00 hod., v\u00a0nede\u013eu 10. novembra o\u00a010.30 hod. a\u00a0v pondelok\u00a011. novembra o\u00a017.00 hod. V\u00a0na\u0161ej Bratislavskej arcidiec\u00e9ze pre\u017e\u00edvame Rok modlitieb za nov\u00e9 k\u0148azsk\u00e9 povolania, a\u00a0tak aj t\u00e9mou tohtoro\u010dn\u00e9ho sl\u00e1venia Sv\u00e4tomartinsk\u00e9ho trojdnia je Povolanie sv\u00e4t\u00e9ho Martina a\u00a0\u010dnos\u0165 n\u00e1bo\u017enosti, n\u00e1deje a\u00a0mravnej sily.\n<strong>Sv\u00e4tomartinsk\u00fd lampi\u00f3nov\u00fd sprievod<\/strong>\nHnutie kres\u0165ansk\u00fdch spolo\u010denstiev det\u00ed eRko poz\u00fdva deti a rodi\u010dov na Sv\u00e4tomartinsk\u00fd lampi\u00f3nov\u00fd sprievod, ktor\u00fd sa bude kona\u0165 9. novembra. Za\u010dne sl\u00e1vnostnou sv. om\u0161ou o 17.00 hod. v Katedr\u00e1le sv. Martina a po nej o 18.00 hod. bude pokra\u010dova\u0165 sprievodom ulicami Star\u00e9ho Mesta a\u017e do katol\u00edckeho intern\u00e1tu Svoradov, kde je pre deti pripraven\u00fd zauj\u00edmav\u00fd program. Pros\u00edme o prinesenie charitat\u00edvneho daru pre deti z Rumunska.\n<strong>Sv\u00e4tomartinsk\u00e1 zbierka<\/strong>\nNa bud\u00facu nede\u013eu 10. novembra 2019 sa bude pri v\u0161etk\u00fdch sv. om\u0161iach kona\u0165 tradi\u010dn\u00e1 dobro\u010dinn\u00e1 Sv\u00e4tomartinsk\u00e1 zbierka, ktorou v\u00a0tomto roku podpor\u00edme duchovn\u00e9 povolania, konkr\u00e9tne \u0161t\u00fadium a\u00a0pobyt v\u00a0semin\u00e1ri pre bohoslovcov diec\u00e9zy Gikongoro v\u00a0Rwande a\u00a0\u0161t\u00fadium a\u00a0pobyt v\u00a0semin\u00e1ri pre bohoslovcov arcidiec\u00e9zy Erbil v\u00a0Iraku.\n<strong>Mini\u0161trantsk\u00e9 stretnutie<\/strong>\nV\u00a0nede\u013eu 10. 11. popoludn\u00ed od 14.00 do 15.30 bude mini\u0161trantsk\u00e9 stretnutie. V\u0161etk\u00fdch s\u00fa\u010dasn\u00fdch i\u00a0n\u00e1dejn\u00fdch mini\u0161trantov srde\u010dne poz\u00fdvame.]]>\t\t<\/p>\n","protected":false},"excerpt":{"rendered":"<p>\t\t\t\t<![CDATA[\u00a0<br \/>]]>\t\t<\/p>\n","protected":false},"author":2,"featured_media":0,"comment_status":"closed","ping_status":"closed","sticky":false,"template":"","format":"standard","meta":{"footnotes":""},"categories":[11],"tags":[],"_links":{"self":[{"href":"https:\/\/svatarodina.fara.sk\/index.php?rest_route=\/wp\/v2\/posts\/5641"}],"collection":[{"href":"https:\/\/svatarodina.fara.sk\/index.php?rest_route=\/wp\/v2\/posts"}],"about":[{"href":"https:\/\/svatarodina.fara.sk\/index.php?rest_route=\/wp\/v2\/types\/post"}],"author":[{"embeddable":true,"href":"https:\/\/svatarodina.fara.sk\/index.php?rest_route=\/wp\/v2\/users\/2"}],"replies":[{"embeddable":true,"href":"https:\/\/svatarodina.fara.sk\/index.php?rest_route=%2Fwp%2Fv2%2Fcomments&post=5641"}],"version-history":[{"count":0,"href":"https:\/\/svatarodina.fara.sk\/index.php?rest_route=\/wp\/v2\/posts\/5641\/revisions"}],"wp:attachment":[{"href":"https:\/\/svatarodina.fara.sk\/index.php?rest_route=%2Fwp%2Fv2%2Fmedia&parent=5641"}],"wp:term":[{"taxonomy":"category","embeddable":true,"href":"https:\/\/svatarodina.fara.sk\/index.php?rest_route=%2Fwp%2Fv2%2Fcategories&post=5641"},{"taxonomy":"post_tag","embeddable":true,"href":"https:\/\/svatarodina.fara.sk\/index.php?rest_route=%2Fwp%2Fv2%2Ftags&post=5641"}],"curies":[{"name":"wp","href":"https:\/\/api.w.org\/{rel}","templated":true}]}}