{"id":5646,"date":"2019-11-11T13:30:43","date_gmt":"2019-11-11T12:30:43","guid":{"rendered":"http:\/\/fara.sk\/svatarodina\/?p=5646"},"modified":"2019-11-11T13:30:43","modified_gmt":"2019-11-11T12:30:43","slug":"aktualne-farske-oznamy-32-nedela-v-cezrocnom-obdobi-10-november-2019","status":"publish","type":"post","link":"https:\/\/svatarodina.fara.sk\/?p=5646","title":{"rendered":"Farsk\u00e9 oznamy (32. cezro\u010dn\u00e1 nede\u013ea, 10. november 2019)"},"content":{"rendered":"<p>\t\t\t\t<![CDATA[<strong>\u00a0<\/strong>\n\n\n<table width=\"512\">\n\n\n<tbody>\n\n\n<tr>\n\n\n<td colspan=\"2\" width=\"214\">\n\n\n<h1><strong>Liturgick\u00fd kalend\u00e1r<\/strong><\/h1>\n\n\n<\/td>\n\n\n\n\n<td colspan=\"3\" width=\"298\">\n\n\n<h2>\u00damysly<\/h2>\n\n\n<\/td>\n\n\n<\/tr>\n\n\n\n\n<tr>\n\n\n<td rowspan=\"4\" width=\"72\">\n\n\n<h1>Nede\u013ea<\/h1>\n\n\n10. 11.<\/td>\n\n\n\n\n<td rowspan=\"4\" width=\"142\"><strong>\u00a0<\/strong>\n<strong>32. NEDE\u013dA V\u00a0CEZRO\u010cNOM OBDOB\u00cd<\/strong>\n<strong>\u00a0<\/strong><\/td>\n\n\n\n\n<td width=\"43\">7.30<\/td>\n\n\n\n\n<td width=\"28\"><strong>JV<\/strong><\/td>\n\n\n\n\n<td width=\"227\">Za zdravie a\u00a0Bo\u017eiu pomoc<\/td>\n\n\n<\/tr>\n\n\n\n\n<tr>\n\n\n<td width=\"43\">9.00<\/td>\n\n\n\n\n<td width=\"28\"><strong>JV<\/strong><\/td>\n\n\n\n\n<td width=\"227\">+\u0160tefan<\/td>\n\n\n<\/tr>\n\n\n\n\n<tr>\n\n\n<td width=\"43\">10.30<\/td>\n\n\n\n\n<td width=\"28\"><strong>ML<\/strong><\/td>\n\n\n\n\n<td width=\"227\">Za farn\u00edkov<\/td>\n\n\n<\/tr>\n\n\n\n\n<tr>\n\n\n<td width=\"43\">18.00<\/td>\n\n\n\n\n<td width=\"28\"><strong>JD<\/strong><\/td>\n\n\n\n\n<td width=\"227\">Za zdravie a\u00a0Bo\u017eiu pomoc pre rodinu<\/td>\n\n\n<\/tr>\n\n\n\n\n<tr>\n\n\n<td rowspan=\"2\" width=\"72\">\n\n\n<h1>Pondelok<\/h1>\n\n\n11. 11.<\/td>\n\n\n\n\n<td rowspan=\"2\" width=\"142\"><em>SV. MARTIN Z TOURS, BISKUP<\/em>\n<em>Hlavn\u00fd patr\u00f3n <\/em>\n<em>Bratislavskej arcidiec\u00e9zy<\/em><\/td>\n\n\n\n\n<td width=\"43\">7.00<\/td>\n\n\n\n\n<td width=\"28\"><strong>JV<\/strong><\/td>\n\n\n\n\n<td width=\"227\">+Margita,Peter,Milan, Peter<\/td>\n\n\n<\/tr>\n\n\n\n\n<tr>\n\n\n<td width=\"43\">18.00<\/td>\n\n\n\n\n<td width=\"28\"><strong>ML<\/strong><\/td>\n\n\n\n\n<td width=\"227\">+Anna a\u00a0krstn\u00ed rodi\u010dia<\/td>\n\n\n<\/tr>\n\n\n\n\n<tr>\n\n\n<td rowspan=\"2\" width=\"72\">Utorok\n12. 11.<\/td>\n\n\n\n\n<td rowspan=\"2\" width=\"142\"><em>sv. Jozaf\u00e1t, <\/em>\n<em>biskup a\u00a0mu\u010den\u00edk, spom.<\/em><\/td>\n\n\n\n\n<td width=\"43\">7.00<\/td>\n\n\n\n\n<td width=\"28\"><strong>ML<\/strong><\/td>\n\n\n\n\n<td width=\"227\">+man\u017eel Tichom\u00edr<\/td>\n\n\n<\/tr>\n\n\n\n\n<tr>\n\n\n<td width=\"43\">18.00<\/td>\n\n\n\n\n<td width=\"28\"><strong>JV<\/strong><\/td>\n\n\n\n\n<td width=\"227\">+Ign\u00e1c, M\u00e1ria, \u0160tefan, Peter a\u00a0st. rodi\u010dia<\/td>\n\n\n<\/tr>\n\n\n\n\n<tr>\n\n\n<td rowspan=\"2\" width=\"72\">Streda\n13. 11.<\/td>\n\n\n\n\n<td rowspan=\"2\" width=\"142\"><em>\u00a0<\/em><\/td>\n\n\n\n\n<td width=\"43\">7.00<\/td>\n\n\n\n\n<td width=\"28\"><strong>ML<\/strong><\/td>\n\n\n\n\n<td width=\"227\">Po\u010fakovanie za 45 rokov man\u017eelstva<\/td>\n\n\n<\/tr>\n\n\n\n\n<tr>\n\n\n<td width=\"43\">18.00<\/td>\n\n\n\n\n<td width=\"28\"><strong>JV<\/strong><\/td>\n\n\n\n\n<td width=\"227\">+J\u00e1n, \u0160tef\u00e1nia, Michal, \u0160tefan<\/td>\n\n\n<\/tr>\n\n\n\n\n<tr>\n\n\n<td rowspan=\"2\" width=\"72\">\u0160tvrtok\n14. 11.<\/td>\n\n\n\n\n<td rowspan=\"2\" width=\"142\"><em>\u00a0<\/em><\/td>\n\n\n\n\n<td width=\"43\">7.00<\/td>\n\n\n\n\n<td width=\"28\"><strong>JV<\/strong><\/td>\n\n\n\n\n<td width=\"227\">+rodi\u010dia Vincent a\u00a0Elena<\/td>\n\n\n<\/tr>\n\n\n\n\n<tr>\n\n\n<td width=\"43\">18.00<\/td>\n\n\n\n\n<td width=\"28\"><strong>ML<\/strong><\/td>\n\n\n\n\n<td width=\"227\">+man\u017eel \u0160tefan a\u00a0rodi\u010dia z\u00a0oboch str\u00e1n<\/td>\n\n\n<\/tr>\n\n\n\n\n<tr>\n\n\n<td rowspan=\"2\" width=\"72\">Piatok\n15. 11.<\/td>\n\n\n\n\n<td rowspan=\"2\" width=\"142\"><em>sv. Albert Ve\u013ek\u00fd,<\/em>\n<em>biskup a\u00a0u\u010dite\u013e Cirkvi, \u013e.spom.<\/em><\/td>\n\n\n\n\n<td width=\"43\">7.00<\/td>\n\n\n\n\n<td width=\"28\"><strong>ML<\/strong><\/td>\n\n\n\n\n<td width=\"227\">Za zdravie a\u00a0Bo\u017eiu pomoc pre Elenu s rodinou<\/td>\n\n\n<\/tr>\n\n\n\n\n<tr>\n\n\n<td width=\"43\">18.00<\/td>\n\n\n\n\n<td width=\"28\"><strong>JV<\/strong><\/td>\n\n\n\n\n<td width=\"227\">+\u0160tefan, M\u00e1ria, Helena, Stanislav<\/td>\n\n\n<\/tr>\n\n\n\n\n<tr>\n\n\n<td rowspan=\"2\" width=\"72\">\n\n\n<h1>Sobota<\/h1>\n\n\n16. 11.<\/td>\n\n\n\n\n<td rowspan=\"2\" width=\"142\"><em>sv.Margita \u0160k\u00f3tska, <\/em><em>\u013e.spom.<\/em>\n<em>sv.Gertr\u00fada, panna, <\/em><em>\u013e.spom.<\/em><\/td>\n\n\n\n\n<td width=\"43\">7.30<\/td>\n\n\n\n\n<td width=\"28\"><strong>ML<\/strong><\/td>\n\n\n\n\n<td width=\"227\">Za Bo\u017eiu pomoc pre Juraja, Kamilu, Antona a\u00a0Petra s rodinou<\/td>\n\n\n<\/tr>\n\n\n\n\n<tr>\n\n\n<td width=\"43\">&nbsp;<\/td>\n\n\n\n\n<td width=\"28\"><strong>\u00a0<\/strong><\/td>\n\n\n\n\n<td width=\"227\">&nbsp;<\/td>\n\n\n<\/tr>\n\n\n\n\n<tr>\n\n\n<td rowspan=\"4\" width=\"72\">\n\n\n<h1>Nede\u013ea<\/h1>\n\n\n17. 11.<\/td>\n\n\n\n\n<td rowspan=\"4\" width=\"142\"><strong>\u00a0<\/strong>\n<strong>33. NEDE\u013dA V\u00a0CEZRO\u010cNOM OBDOB\u00cd<\/strong>\n<strong>\u00a0<\/strong>\n<strong>\u00a0<\/strong><\/td>\n\n\n\n\n<td width=\"43\">7.30<\/td>\n\n\n\n\n<td width=\"28\"><strong>ML<\/strong><\/td>\n\n\n\n\n<td width=\"227\">+rodi\u010dia<\/td>\n\n\n<\/tr>\n\n\n\n\n<tr>\n\n\n<td width=\"43\">9.00<\/td>\n\n\n\n\n<td width=\"28\"><strong>JV<\/strong><\/td>\n\n\n\n\n<td width=\"227\">Za Bo\u017eiu pomoc pre rodinu<\/td>\n\n\n<\/tr>\n\n\n\n\n<tr>\n\n\n<td width=\"43\">10.30<\/td>\n\n\n\n\n<td width=\"28\"><strong>JV<\/strong><\/td>\n\n\n\n\n<td width=\"227\">Za farn\u00edkov<\/td>\n\n\n<\/tr>\n\n\n\n\n<tr>\n\n\n<td width=\"43\">18.00<\/td>\n\n\n\n\n<td width=\"28\"><strong>JD<\/strong><\/td>\n\n\n\n\n<td width=\"227\">+rodi\u010dia, star\u00ed rodi\u010dia a\u00a0krstn\u00ed rodi\u010dia z\u00a0oboch str\u00e1n<\/td>\n\n\n<\/tr>\n\n\n<\/tbody>\n\n\n<\/table>\n\n\n<strong>\u00a0<\/strong>\n<em>Inici\u00e1lky:\u00a0\u00a0 \u00a0JV \u2013 o. Juraj Vittek,\u00a0\u00a0 \u00a0ML \u2013 dp. Mari\u00e1n Luk\u00e1\u010d, \u00a0\u00a0\u00a0JD \u2013 vdp. Juraj Drobn\u00fd<\/em>\n<strong>Sv\u00e4tomartinsk\u00e1 zbierka<\/strong>\nDnes sa pri v\u0161etk\u00fdch sv. om\u0161iach kon\u00e1 tradi\u010dn\u00e1 dobro\u010dinn\u00e1 Sv\u00e4tomartinsk\u00e1 zbierka, ktorou v\u00a0tomto roku podpor\u00edme duchovn\u00e9 povolania, konkr\u00e9tne \u0161t\u00fadium a\u00a0pobyt v\u00a0semin\u00e1ri pre bohoslovcov diec\u00e9zy Gikongoro v\u00a0Rwande a\u00a0\u0161t\u00fadium a\u00a0pobyt v\u00a0semin\u00e1ri pre bohoslovcov arcidiec\u00e9zy Erbil v\u00a0Iraku.Za Va\u0161u \u0161tedros\u0165 nech V\u00e1s P\u00e1n Boh odmen\u00ed.\n<strong>Moderovan\u00e1 ador\u00e1cia za du\u0161e v\u00a0o\u010distci <\/strong>\nbude v\u00a0pondelok 11.11. po sv. om\u0161i\n<strong>Katech\u00e9za pre dospel\u00fdch<\/strong>\nV utorok po ve\u010dernej sv. om\u0161i bude katech\u00e9za o. Juraja pre dospel\u00fdch.\n<strong>Detsk\u00e1 sv. om\u0161a, birmovanci<\/strong>\nV\u00a0stredu bude detsk\u00e1 sv. om\u0161a spojen\u00e1 s\u00a0katech\u00e9zou prvoprij\u00edmaj\u00facich det\u00ed. Prvoprij\u00edmaj\u00face deti sa stretaj\u00fa u\u017e o 17.25h v pastora\u010dnom centre s anim\u00e1tormi.\nNa bud\u00faci \u0161tvrtok bude katech\u00e9za birmovancov po sv. om\u0161i.\n<strong>Mini\u0161trantsk\u00e9 stretnutie<\/strong>\nV\u00a0nede\u013eu 17. 11. popoludn\u00ed od 14.00 do 15.30 bude mini\u0161trantsk\u00e9 stretnutie. V\u0161etk\u00fdch s\u00fa\u010dasn\u00fdch i\u00a0n\u00e1dejn\u00fdch mini\u0161trantov srde\u010dne poz\u00fdvame.\n&nbsp;\n<strong>Hern\u00e9 popoludnie <\/strong>\nSrde\u010dne poz\u00fdvame v\u0161etk\u00fdch na hern\u00e9 popoludnie v pastora\u010dnom centre, ktor\u00e9 sa uskuto\u010dn\u00ed v\u00a0nede\u013eu 24.11. od 14:30. Organiz\u00e1tori zabezpe\u010dia dostatok modern\u00fdch spolo\u010densk\u00fdch hier pre deti i dospel\u00fdch, m\u00f4\u017eete si prinies\u0165 aj vlastn\u00e9.\u00a0Poz\u00fdvame op\u00e4tovne touto formou utu\u017ei\u0165 na\u0161e farsk\u00e9 spolo\u010denstvo \ud83d\ude42\n&nbsp;]]>\t\t<\/p>\n","protected":false},"excerpt":{"rendered":"<p>\t\t\t\t<![CDATA[\u00a0<br \/>]]>\t\t<\/p>\n","protected":false},"author":2,"featured_media":0,"comment_status":"closed","ping_status":"closed","sticky":false,"template":"","format":"standard","meta":{"footnotes":""},"categories":[11],"tags":[],"_links":{"self":[{"href":"https:\/\/svatarodina.fara.sk\/index.php?rest_route=\/wp\/v2\/posts\/5646"}],"collection":[{"href":"https:\/\/svatarodina.fara.sk\/index.php?rest_route=\/wp\/v2\/posts"}],"about":[{"href":"https:\/\/svatarodina.fara.sk\/index.php?rest_route=\/wp\/v2\/types\/post"}],"author":[{"embeddable":true,"href":"https:\/\/svatarodina.fara.sk\/index.php?rest_route=\/wp\/v2\/users\/2"}],"replies":[{"embeddable":true,"href":"https:\/\/svatarodina.fara.sk\/index.php?rest_route=%2Fwp%2Fv2%2Fcomments&post=5646"}],"version-history":[{"count":0,"href":"https:\/\/svatarodina.fara.sk\/index.php?rest_route=\/wp\/v2\/posts\/5646\/revisions"}],"wp:attachment":[{"href":"https:\/\/svatarodina.fara.sk\/index.php?rest_route=%2Fwp%2Fv2%2Fmedia&parent=5646"}],"wp:term":[{"taxonomy":"category","embeddable":true,"href":"https:\/\/svatarodina.fara.sk\/index.php?rest_route=%2Fwp%2Fv2%2Fcategories&post=5646"},{"taxonomy":"post_tag","embeddable":true,"href":"https:\/\/svatarodina.fara.sk\/index.php?rest_route=%2Fwp%2Fv2%2Ftags&post=5646"}],"curies":[{"name":"wp","href":"https:\/\/api.w.org\/{rel}","templated":true}]}}