{"id":5654,"date":"2019-11-18T09:19:43","date_gmt":"2019-11-18T08:19:43","guid":{"rendered":"http:\/\/fara.sk\/svatarodina\/?p=5654"},"modified":"2019-11-18T09:19:43","modified_gmt":"2019-11-18T08:19:43","slug":"aktualne-farske-oznamy","status":"publish","type":"post","link":"https:\/\/svatarodina.fara.sk\/?p=5654","title":{"rendered":"Farsk\u00e9 oznamy (33. cezro\u010dn\u00e1 nede\u013ea, 17. november 2019)"},"content":{"rendered":"<p>\t\t\t\t<![CDATA[&nbsp;\n\n\n<table width=\"512\">\n\n\n<tbody>\n\n\n<tr>\n\n\n<td colspan=\"2\" width=\"214\">\n\n\n<h1><strong>Liturgick\u00fd kalend\u00e1r<\/strong><\/h1>\n\n\n<\/td>\n\n\n\n\n<td colspan=\"3\" width=\"298\">\n\n\n<h2>\u00damysly<\/h2>\n\n\n<\/td>\n\n\n<\/tr>\n\n\n\n\n<tr>\n\n\n<td rowspan=\"4\" width=\"72\">\n\n\n<h1>Nede\u013ea<\/h1>\n\n\n17. 11.<\/td>\n\n\n\n\n<td rowspan=\"4\" width=\"142\"><strong>\u00a0<\/strong>\n<strong>33. NEDE\u013dA V\u00a0CEZRO\u010cNOM OBDOB\u00cd<\/strong>\n<strong>\u00a0<\/strong><\/td>\n\n\n\n\n<td width=\"43\">7.30<\/td>\n\n\n\n\n<td width=\"28\"><strong>ML<\/strong><\/td>\n\n\n\n\n<td width=\"227\">+rodi\u010dia<\/td>\n\n\n<\/tr>\n\n\n\n\n<tr>\n\n\n<td width=\"43\">9.00<\/td>\n\n\n\n\n<td width=\"28\"><strong>JV<\/strong><\/td>\n\n\n\n\n<td width=\"227\">Za Bo\u017eiu pomoc pre rodinu<\/td>\n\n\n<\/tr>\n\n\n\n\n<tr>\n\n\n<td width=\"43\">10.30<\/td>\n\n\n\n\n<td width=\"28\"><strong>JV<\/strong><\/td>\n\n\n\n\n<td width=\"227\">Za farn\u00edkov<\/td>\n\n\n<\/tr>\n\n\n\n\n<tr>\n\n\n<td width=\"43\">18.00<\/td>\n\n\n\n\n<td width=\"28\"><strong>JD<\/strong><\/td>\n\n\n\n\n<td width=\"227\">+rodi\u010dia, star\u00ed rodi\u010dia a\u00a0krstn\u00ed rodi\u010dia z\u00a0oboch str\u00e1n<\/td>\n\n\n<\/tr>\n\n\n\n\n<tr>\n\n\n<td rowspan=\"2\" width=\"72\">\n\n\n<h1>Pondelok<\/h1>\n\n\n18. 11.<\/td>\n\n\n\n\n<td rowspan=\"2\" width=\"142\"><em>V\u00fdro\u010die posviacky bazil\u00edk sv. Petra a\u00a0Pavla, <\/em>\n<em>apo\u0161tolov, \u013e.spom.<\/em><\/td>\n\n\n\n\n<td width=\"43\">7.00<\/td>\n\n\n\n\n<td width=\"28\"><strong>LM<\/strong><\/td>\n\n\n\n\n<td width=\"227\">Za zdravie a\u00a0Bo\u017eiu pomoc pre Annu s rodinou<\/td>\n\n\n<\/tr>\n\n\n\n\n<tr>\n\n\n<td width=\"43\">18.00<\/td>\n\n\n\n\n<td width=\"28\"><strong>JV<\/strong><\/td>\n\n\n\n\n<td width=\"227\">+star\u00ed rodi\u010dia Al\u017ebeta a Andrej<\/td>\n\n\n<\/tr>\n\n\n\n\n<tr>\n\n\n<td rowspan=\"2\" width=\"72\">Utorok\n19. 11.<\/td>\n\n\n\n\n<td rowspan=\"2\" width=\"142\"><em>\u00a0<\/em><\/td>\n\n\n\n\n<td width=\"43\">7.00<\/td>\n\n\n\n\n<td width=\"28\"><strong>JV<\/strong><\/td>\n\n\n\n\n<td width=\"227\">Za zdravie a\u00a0Bo\u017eiu pomoc pre Viktora<\/td>\n\n\n<\/tr>\n\n\n\n\n<tr>\n\n\n<td width=\"43\">18.00<\/td>\n\n\n\n\n<td width=\"28\"><strong>JD<\/strong><\/td>\n\n\n\n\n<td width=\"227\">+man\u017eel Milan a\u00a0rodi\u010dia z\u00a0oboch str\u00e1n<\/td>\n\n\n<\/tr>\n\n\n\n\n<tr>\n\n\n<td rowspan=\"2\" width=\"72\">Streda\n20. 11.<\/td>\n\n\n\n\n<td rowspan=\"2\" width=\"142\"><em>\u00a0<\/em><\/td>\n\n\n\n\n<td width=\"43\">7.00<\/td>\n\n\n\n\n<td width=\"28\"><strong>JD<\/strong><\/td>\n\n\n\n\n<td width=\"227\">+rodi\u010dia<\/td>\n\n\n<\/tr>\n\n\n\n\n<tr>\n\n\n<td width=\"43\">18.00<\/td>\n\n\n\n\n<td width=\"28\"><strong>JV<\/strong><\/td>\n\n\n\n\n<td width=\"227\">+rodi\u010dia Kl\u00e1ra a\u00a0J\u00falius, star\u00ed rodi\u010dia z\u00a0oboch str\u00e1n a svokor<\/td>\n\n\n<\/tr>\n\n\n\n\n<tr>\n\n\n<td rowspan=\"2\" width=\"72\">\u0160tvrtok\n21. 11.<\/td>\n\n\n\n\n<td rowspan=\"2\" width=\"142\"><em>Obetovanie Panny M\u00e1rie, spom.<\/em><\/td>\n\n\n\n\n<td width=\"43\">7.00<\/td>\n\n\n\n\n<td width=\"28\"><strong>LM<\/strong><\/td>\n\n\n\n\n<td width=\"227\">+rodi\u010dia Marta a\u00a0\u0160tefan a\u00a0brat Libor<\/td>\n\n\n<\/tr>\n\n\n\n\n<tr>\n\n\n<td width=\"43\">18.00<\/td>\n\n\n\n\n<td width=\"28\"><strong>JV<\/strong><\/td>\n\n\n\n\n<td width=\"227\">+brat Milan<\/td>\n\n\n<\/tr>\n\n\n\n\n<tr>\n\n\n<td rowspan=\"2\" width=\"72\">Piatok\n22. 11.<\/td>\n\n\n\n\n<td rowspan=\"2\" width=\"142\"><em>sv. Cec\u00edlia, panna a\u00a0mu\u010denica, spom.<\/em><\/td>\n\n\n\n\n<td width=\"43\">7.00<\/td>\n\n\n\n\n<td width=\"28\"><strong>LM<\/strong><\/td>\n\n\n\n\n<td width=\"227\">+ Anna, \u0160tefan, Vincent, Anna<\/td>\n\n\n<\/tr>\n\n\n\n\n<tr>\n\n\n<td width=\"43\">18.00<\/td>\n\n\n\n\n<td width=\"28\"><strong>JV<\/strong><\/td>\n\n\n\n\n<td width=\"227\">+mama Anna<\/td>\n\n\n<\/tr>\n\n\n\n\n<tr>\n\n\n<td rowspan=\"2\" width=\"72\">\n\n\n<h1>Sobota<\/h1>\n\n\n23. 11.<\/td>\n\n\n\n\n<td rowspan=\"2\" width=\"142\"><em>sv. Klement I.,<\/em><em> p\u00e1pe\u017e a mu\u010den\u00edk, \u013e.spom.<\/em>\n<em>sv.Kolumb\u00e1n, op\u00e1t, <\/em><em>\u013e.spom.<\/em><\/td>\n\n\n\n\n<td width=\"43\">7.30<\/td>\n\n\n\n\n<td width=\"28\"><strong>JV<\/strong><\/td>\n\n\n\n\n<td width=\"227\">Za zdravie a\u00a0Bo\u017eiu pomoc pre rodi\u010dov<\/td>\n\n\n<\/tr>\n\n\n\n\n<tr>\n\n\n<td width=\"43\">&nbsp;<\/td>\n\n\n\n\n<td width=\"28\"><strong>\u00a0<\/strong><\/td>\n\n\n\n\n<td width=\"227\">&nbsp;<\/td>\n\n\n<\/tr>\n\n\n\n\n<tr>\n\n\n<td rowspan=\"4\" width=\"72\">\n\n\n<h1>Nede\u013ea<\/h1>\n\n\n24. 11.<\/td>\n\n\n\n\n<td rowspan=\"4\" width=\"142\"><strong>\u00a0<\/strong>\n<strong>34. NEDE\u013dA V\u00a0CEZRO\u010cNOM OBDOB\u00cd<\/strong>\n<strong>\u00a0<\/strong>\n<strong><em>SL\u00c1VNOS\u0164 <\/em><\/strong>\n<strong><em>KRISTA KR\u00c1\u013dA<\/em><\/strong>\n<strong>\u00a0<\/strong><\/td>\n\n\n\n\n<td width=\"43\">7.30<\/td>\n\n\n\n\n<td width=\"28\"><strong>JD<\/strong><\/td>\n\n\n\n\n<td width=\"227\">Za zdravie a\u00a0Bo\u017eie po\u017eehnanie pre rodinu<\/td>\n\n\n<\/tr>\n\n\n\n\n<tr>\n\n\n<td width=\"43\">9.00<\/td>\n\n\n\n\n<td width=\"28\"><strong>JV<\/strong><\/td>\n\n\n\n\n<td width=\"227\">+rodi\u010dia<\/td>\n\n\n<\/tr>\n\n\n\n\n<tr>\n\n\n<td width=\"43\">10.30<\/td>\n\n\n\n\n<td width=\"28\"><strong>JV<\/strong><\/td>\n\n\n\n\n<td width=\"227\">Za farn\u00edkov<\/td>\n\n\n<\/tr>\n\n\n\n\n<tr>\n\n\n<td width=\"43\">18.00<\/td>\n\n\n\n\n<td width=\"28\"><strong>ML<\/strong><\/td>\n\n\n\n\n<td width=\"227\">+rodi\u010dia \u0160tefan a Anna a\u00a0babka M\u00e1ria<\/td>\n\n\n<\/tr>\n\n\n<\/tbody>\n\n\n<\/table>\n\n\n<strong>\u00a0<\/strong>\n<em>Inici\u00e1lky:\u00a0\u00a0 \u00a0JV \u2013 o. Juraj Vittek, \u00a0\u00a0LM \u2013 vdp. \u013dubom\u00edr Matejovi\u010d, ML \u2013 dp. Mari\u00e1n Luk\u00e1\u010d, \u00a0\u00a0\u00a0JD \u2013 vdp. Juraj Drobn\u00fd<\/em>\n<strong>Katech\u00e9za pre dospel\u00fdch<\/strong>\nV utorok po ve\u010dernej sv. om\u0161i bude katech\u00e9za o. Juraja pre dospel\u00fdch.\n<strong>Detsk\u00e1 sv. om\u0161a, birmovanci<\/strong>\nV\u00a0stredu bude detsk\u00e1 sv. om\u0161a spojen\u00e1 s\u00a0katech\u00e9zou prvoprij\u00edmaj\u00facich det\u00ed. Prvoprij\u00edmaj\u00face deti sa stretaj\u00fa u\u017e o 17.25h v pastora\u010dnom centre s anim\u00e1tormi.\nNa bud\u00faci \u0161tvrtok bude katech\u00e9za birmovancov po sv. om\u0161i.\n<strong>Spovedanie<\/strong>\nNako\u013eko tento t\u00fd\u017ede\u0148 bude p. kapl\u00e1n na duchovn\u00fdch cvi\u010deniach, po\u010das ve\u010dern\u00fdch om\u0161\u00ed cez t\u00fd\u017ede\u0148 sa nebude spoveda\u0165.\n<strong>Mini\u0161trantsk\u00e9 stretnutie<\/strong>\nbude dnes v\u00a0nede\u013eu 17. 11. popoludn\u00ed od 14.00 do 15.30. V\u0161etk\u00fdch s\u00fa\u010dasn\u00fdch i\u00a0n\u00e1dejn\u00fdch mini\u0161trantov srde\u010dne poz\u00fdvame.\n&nbsp;\n<strong>Hern\u00e9 popoludnie <\/strong>\nSrde\u010dne poz\u00fdvame v\u0161etk\u00fdch na hern\u00e9 popoludnie v pastora\u010dnom centre, ktor\u00e9 sa uskuto\u010dn\u00ed v\u00a0nede\u013eu 24.11. od 14:30. Organiz\u00e1tori zabezpe\u010dia dostatok modern\u00fdch spolo\u010densk\u00fdch hier pre deti i dospel\u00fdch, m\u00f4\u017eete si prinies\u0165 aj vlastn\u00e9.\u00a0Poz\u00fdvame op\u00e4tovne touto formou utu\u017ei\u0165 na\u0161e farsk\u00e9 spolo\u010denstvo.\n&nbsp;\n<strong>Malt\u00e9zsky pun\u010d<\/strong>\nOd 22.11.2019 do 23.12.2019 bude v r\u00e1mci bratislavsk\u00fdch viano\u010dn\u00fdch trhov prebieha\u0165 dobro\u010dinn\u00e1 akcia \u201eMalt\u00e9zsky pun\u010d\u201c organizovan\u00e1 Malt\u00e9zskou pomocou Slovensko (MPS), \u010do je v\u00fdkonn\u00e1 zlo\u017eka R\u00e1du malt\u00e9zskych rytierov pre aktivity v Slovenskej republike. MPS bude ma\u0165 dobro\u010dinn\u00fd st\u00e1nok na Hviezdoslavovom n\u00e1mest\u00ed, ako to bolo aj po minul\u00e9 roky. V tomto st\u00e1nku bude prebieha\u0165 verejn\u00e1 dobro\u010dinn\u00e1 zbierka v prospech n\u00fadznych.\n&nbsp;\n<strong>RozVEDEN\u00cd k Bohu<\/strong>\nV Advente sa uskuto\u010dn\u00ed duchovn\u00e1 obnova s n\u00e1zvom\u00a0&#8222;rozVEDEN\u00cd k BOHU I.&#8220; v Rodinkove v Belu\u0161sk\u00fdch Slatin\u00e1ch. Info na n\u00e1stenke.\n&nbsp;\n<strong>Tesco zbierka Charity<\/strong>\nBratislavsk\u00e1 arcidiec\u00e9zna charita a spolupracuj\u00face organiz\u00e1cie poz\u00fdvaj\u00fa v\u0161etk\u00fdch, aby sa zapojili ako dobrovo\u013en\u00edci alebo darcovia do potravinovej Tesco zbierky. Vyzbieran\u00e9 potraviny a drog\u00e9ria pom\u00e1haj\u00fa po\u010das roka rodin\u00e1m a jednotlivcom v\u00a0n\u00fadzi. Viac inform\u00e1ci\u00ed o predajniach a mo\u017enosti dobrovo\u013en\u00edctva n\u00e1jdete na str\u00e1nke www.charitaba.sk a\u00a0na plag\u00e1te na n\u00e1stenke.\n&nbsp;\n&nbsp;]]>\t\t<\/p>\n","protected":false},"excerpt":{"rendered":"<p>\t\t\t\t<![CDATA[&nbsp;<br \/>]]>\t\t<\/p>\n","protected":false},"author":2,"featured_media":0,"comment_status":"closed","ping_status":"closed","sticky":false,"template":"","format":"standard","meta":{"footnotes":""},"categories":[11],"tags":[],"_links":{"self":[{"href":"https:\/\/svatarodina.fara.sk\/index.php?rest_route=\/wp\/v2\/posts\/5654"}],"collection":[{"href":"https:\/\/svatarodina.fara.sk\/index.php?rest_route=\/wp\/v2\/posts"}],"about":[{"href":"https:\/\/svatarodina.fara.sk\/index.php?rest_route=\/wp\/v2\/types\/post"}],"author":[{"embeddable":true,"href":"https:\/\/svatarodina.fara.sk\/index.php?rest_route=\/wp\/v2\/users\/2"}],"replies":[{"embeddable":true,"href":"https:\/\/svatarodina.fara.sk\/index.php?rest_route=%2Fwp%2Fv2%2Fcomments&post=5654"}],"version-history":[{"count":0,"href":"https:\/\/svatarodina.fara.sk\/index.php?rest_route=\/wp\/v2\/posts\/5654\/revisions"}],"wp:attachment":[{"href":"https:\/\/svatarodina.fara.sk\/index.php?rest_route=%2Fwp%2Fv2%2Fmedia&parent=5654"}],"wp:term":[{"taxonomy":"category","embeddable":true,"href":"https:\/\/svatarodina.fara.sk\/index.php?rest_route=%2Fwp%2Fv2%2Fcategories&post=5654"},{"taxonomy":"post_tag","embeddable":true,"href":"https:\/\/svatarodina.fara.sk\/index.php?rest_route=%2Fwp%2Fv2%2Ftags&post=5654"}],"curies":[{"name":"wp","href":"https:\/\/api.w.org\/{rel}","templated":true}]}}