{"id":5662,"date":"2019-11-25T09:26:34","date_gmt":"2019-11-25T08:26:34","guid":{"rendered":"http:\/\/fara.sk\/svatarodina\/?p=5662"},"modified":"2019-11-25T09:26:34","modified_gmt":"2019-11-25T08:26:34","slug":"aktualne-farske-oznamy-nedela-krista-krala-24-november-2019","status":"publish","type":"post","link":"https:\/\/svatarodina.fara.sk\/?p=5662","title":{"rendered":"Farsk\u00e9 oznamy (Nede\u013ea Krista Kr\u00e1\u013ea, 24. november 2019)"},"content":{"rendered":"<p>\t\t\t\t<![CDATA[&nbsp;\n\n\n<table width=\"512\">\n\n\n<tbody>\n\n\n<tr>\n\n\n<td colspan=\"2\" width=\"214\">\n\n\n<h1><strong>Liturgick\u00fd kalend\u00e1r<\/strong><\/h1>\n\n\n<\/td>\n\n\n\n\n<td colspan=\"3\" width=\"298\">\n\n\n<h2>\u00damysly<\/h2>\n\n\n<\/td>\n\n\n<\/tr>\n\n\n\n\n<tr>\n\n\n<td rowspan=\"4\" width=\"72\">\n\n\n<h1>Nede\u013ea<\/h1>\n\n\n24. 11.<\/td>\n\n\n\n\n<td rowspan=\"4\" width=\"142\"><strong>\u00a0<\/strong>\n<strong>34. NEDE\u013dA V\u00a0CEZRO\u010cNOM OBDOB\u00cd<\/strong>\n<strong>\u00a0<\/strong>\n<strong>SL\u00c1VNOS\u0164 <\/strong>\n<strong>KRISTA KR\u00c1\u013dA<\/strong><\/td>\n\n\n\n\n<td width=\"43\">7.30<\/td>\n\n\n\n\n<td width=\"28\"><strong>JD<\/strong><\/td>\n\n\n\n\n<td width=\"227\">Za zdravie a\u00a0Bo\u017eie po\u017eehnanie pre rodinu<\/td>\n\n\n<\/tr>\n\n\n\n\n<tr>\n\n\n<td width=\"43\">9.00<\/td>\n\n\n\n\n<td width=\"28\"><strong>JV<\/strong><\/td>\n\n\n\n\n<td width=\"227\">+ rodi\u010dia<\/td>\n\n\n<\/tr>\n\n\n\n\n<tr>\n\n\n<td width=\"43\">10.30<\/td>\n\n\n\n\n<td width=\"28\"><strong>JV<\/strong><\/td>\n\n\n\n\n<td width=\"227\">Za farn\u00edkov<\/td>\n\n\n<\/tr>\n\n\n\n\n<tr>\n\n\n<td width=\"43\">18.00<\/td>\n\n\n\n\n<td width=\"28\"><strong>ML<\/strong><\/td>\n\n\n\n\n<td width=\"227\">+ rodi\u010dia \u0160tefan, Anna a\u00a0babka M\u00e1ria<\/td>\n\n\n<\/tr>\n\n\n\n\n<tr>\n\n\n<td rowspan=\"2\" width=\"72\">\n\n\n<h1>Pondelok<\/h1>\n\n\n25. 11.<\/td>\n\n\n\n\n<td rowspan=\"2\" width=\"142\"><em>sv. Katar\u00edna Alexandrijska, panna a\u00a0mu\u010denica, \u013e.spom.<\/em><\/td>\n\n\n\n\n<td width=\"43\">7.00<\/td>\n\n\n\n\n<td width=\"28\"><strong>ML<\/strong><\/td>\n\n\n\n\n<td width=\"227\">Za zdravie a\u00a0Bo\u017eiu pomoc pre rodinu<\/td>\n\n\n<\/tr>\n\n\n\n\n<tr>\n\n\n<td width=\"43\">18.00<\/td>\n\n\n\n\n<td width=\"28\"><strong>JV<\/strong><\/td>\n\n\n\n\n<td width=\"227\">+Al\u017ebeta, J\u00e1n a Imrich<\/td>\n\n\n<\/tr>\n\n\n\n\n<tr>\n\n\n<td rowspan=\"2\" width=\"72\">Utorok\n26. 11.<\/td>\n\n\n\n\n<td rowspan=\"2\" width=\"142\"><em>\u00a0<\/em><\/td>\n\n\n\n\n<td width=\"43\">7.00<\/td>\n\n\n\n\n<td width=\"28\"><strong>ML<\/strong><\/td>\n\n\n\n\n<td width=\"227\">Za zdravie a\u00a0Bo\u017eie po\u017eehnanie pre J\u00faliu\n+ man\u017eel Ivan a\u00a0star\u00ed rodi\u010dia z\u00a0oboch str\u00e1n<\/td>\n\n\n<\/tr>\n\n\n\n\n<tr>\n\n\n<td width=\"43\">18.00<\/td>\n\n\n\n\n<td width=\"28\"><strong>JV<\/strong><\/td>\n\n\n\n\n<td width=\"227\">+ rodi\u010dia a brat<\/td>\n\n\n<\/tr>\n\n\n\n\n<tr>\n\n\n<td rowspan=\"2\" width=\"72\">Streda\n27. 11.<\/td>\n\n\n\n\n<td rowspan=\"2\" width=\"142\"><em>\u00a0<\/em><\/td>\n\n\n\n\n<td width=\"43\">7.00<\/td>\n\n\n\n\n<td width=\"28\"><strong>ML<\/strong><\/td>\n\n\n\n\n<td width=\"227\">Za zdravie a\u00a0Bo\u017eiu pomoc pre Milana<\/td>\n\n\n<\/tr>\n\n\n\n\n<tr>\n\n\n<td width=\"43\">18.00<\/td>\n\n\n\n\n<td width=\"28\"><strong>JV<\/strong><\/td>\n\n\n\n\n<td width=\"227\">+ rodi\u010dia Bla\u017eena a\u00a0J\u00e1n Lachkovi\u010dov\u00ed<\/td>\n\n\n<\/tr>\n\n\n\n\n<tr>\n\n\n<td rowspan=\"2\" width=\"72\">\u0160tvrtok\n28. 11.<\/td>\n\n\n\n\n<td rowspan=\"2\" width=\"142\"><em>\u00a0<\/em><\/td>\n\n\n\n\n<td width=\"43\">7.00<\/td>\n\n\n\n\n<td width=\"28\"><strong>JV<\/strong><\/td>\n\n\n\n\n<td width=\"227\">+ s\u00farodenci Merkov\u00ed s\u00a0man\u017eelkami a\u00a0man\u017eelom<\/td>\n\n\n<\/tr>\n\n\n\n\n<tr>\n\n\n<td width=\"43\">18.00<\/td>\n\n\n\n\n<td width=\"28\"><strong>ML<\/strong><\/td>\n\n\n\n\n<td width=\"227\">Za Bo\u017eiu pomoc a\u00a0ochranu pre Katar\u00ednu<\/td>\n\n\n<\/tr>\n\n\n\n\n<tr>\n\n\n<td rowspan=\"2\" width=\"72\">Piatok\n29. 11.<\/td>\n\n\n\n\n<td rowspan=\"2\" width=\"142\"><em>\u00a0<\/em><\/td>\n\n\n\n\n<td width=\"43\">7.00<\/td>\n\n\n\n\n<td width=\"28\"><strong>JV<\/strong><\/td>\n\n\n\n\n<td width=\"227\">Za zdravie a\u00a0Bo\u017eiu pomoc pre Alicu<\/td>\n\n\n<\/tr>\n\n\n\n\n<tr>\n\n\n<td width=\"43\">18.00<\/td>\n\n\n\n\n<td width=\"28\"><strong>ML<\/strong><\/td>\n\n\n\n\n<td width=\"227\">Za Bo\u017eiu pomoc a\u00a0dary Ducha Sv\u00e4t\u00e9ho pre rodinu<\/td>\n\n\n<\/tr>\n\n\n\n\n<tr>\n\n\n<td rowspan=\"2\" width=\"72\">\n\n\n<h1>Sobota<\/h1>\n\n\n30. 11.<\/td>\n\n\n\n\n<td rowspan=\"2\" width=\"142\"><em>SV. ONDREJ, APO\u0160TOL, SVIATOK<\/em><\/td>\n\n\n\n\n<td width=\"43\">7.30<\/td>\n\n\n\n\n<td width=\"28\"><strong>JV<\/strong><\/td>\n\n\n\n\n<td width=\"227\">Za zdravie a\u00a0Bo\u017eiu pomoc pre syna<\/td>\n\n\n<\/tr>\n\n\n\n\n<tr>\n\n\n<td width=\"43\">&nbsp;<\/td>\n\n\n\n\n<td width=\"28\"><strong>\u00a0<\/strong><\/td>\n\n\n\n\n<td width=\"227\">&nbsp;<\/td>\n\n\n<\/tr>\n\n\n\n\n<tr>\n\n\n<td rowspan=\"4\" width=\"72\">\n\n\n<h1>Nede\u013ea<\/h1>\n\n\n1. 12.<\/td>\n\n\n\n\n<td rowspan=\"4\" width=\"142\"><strong>1. ADVENTN\u00c1 NEDE\u013dA<\/strong>\n<strong>\u00a0<\/strong>\n<strong>\u00a0<\/strong><\/td>\n\n\n\n\n<td width=\"43\">7.30<\/td>\n\n\n\n\n<td width=\"28\"><strong>ML<\/strong><\/td>\n\n\n\n\n<td width=\"227\">+ rodi\u010dia Franti\u0161ek, M\u00e1ria, Juraj<\/td>\n\n\n<\/tr>\n\n\n\n\n<tr>\n\n\n<td width=\"43\">9.00<\/td>\n\n\n\n\n<td width=\"28\"><strong>ML<\/strong><\/td>\n\n\n\n\n<td width=\"227\">Za stavite\u013eov a\u00a0dobrodincov tohto chr\u00e1mu<\/td>\n\n\n<\/tr>\n\n\n\n\n<tr>\n\n\n<td width=\"43\">10.30<\/td>\n\n\n\n\n<td width=\"28\"><strong>JV<\/strong><\/td>\n\n\n\n\n<td width=\"227\">Za farn\u00edkov<\/td>\n\n\n<\/tr>\n\n\n\n\n<tr>\n\n\n<td width=\"43\">18.00<\/td>\n\n\n\n\n<td width=\"28\"><strong>JV<\/strong><\/td>\n\n\n\n\n<td width=\"227\">Za \u0161\u0165astn\u00fa smr\u0165 pre rodinu<\/td>\n\n\n<\/tr>\n\n\n<\/tbody>\n\n\n<\/table>\n\n\n<strong>\u00a0<\/strong>\n<em>Inici\u00e1lky:\u00a0\u00a0 \u00a0JV \u2013 o. Juraj Vittek,\u00a0\u00a0 \u00a0ML \u2013 dp. Mari\u00e1n Luk\u00e1\u010d, \u00a0\u00a0\u00a0JD \u2013 vdp. Juraj Drobn\u00fd<\/em>\n<strong>Odpustky na sl\u00e1vnos\u0165 Krista Kr\u00e1\u013ea<\/strong>\nDnes po sv. om\u0161i kon\u00e1me kr\u00e1tku pobo\u017enos\u0165. M\u00f4\u017eme z\u00edska\u0165 \u00fapln\u00e9 odpustky \u00fa\u010das\u0165ou pri verejnom recitovan\u00ed modlitby <em>Je\u017ei\u0161u, Vykupite\u013e \u013eudsk\u00e9ho pokolenia<\/em>.\n<strong>Katech\u00e9za pre dospel\u00fdch<\/strong>\nV utorok po ve\u010dernej sv. om\u0161i bude katech\u00e9za o. Juraja pre dospel\u00fdch.\n<strong>Detsk\u00e1 sv. om\u0161a, birmovanci<\/strong>\nV\u00a0stredu bude detsk\u00e1 sv. om\u0161a spojen\u00e1 s\u00a0katech\u00e9zou prvoprij\u00edmaj\u00facich det\u00ed. Prvoprij\u00edmaj\u00face deti sa stretaj\u00fa u\u017e o 17.25h v pastora\u010dnom centre s anim\u00e1tormi.\nNa bud\u00faci \u0161tvrtok bude katech\u00e9za birmovancov po sv. om\u0161i.\n<strong>Zbierka na charitu<\/strong>\nNa bud\u00facu nede\u013eu po v\u0161etk\u00fdch sv. om\u0161iach bude jesenn\u00e1 zbierka na Katol\u00edcku charitu. Za va\u0161e milodary vyslovujeme \u00faprimn\u00e9 P\u00e1n Boh zapla\u0165.\n<strong>Mini\u0161trantsk\u00e9 stretnutie<\/strong>\nV\u00a0nede\u013eu 1. 12. popoludn\u00ed od 14.00 do 15.30 bude mini\u0161trantsk\u00e9 stretnutie. V\u0161etk\u00fdch s\u00fa\u010dasn\u00fdch i\u00a0n\u00e1dejn\u00fdch mini\u0161trantov srde\u010dne poz\u00fdvame.\n<strong>\u00a0<\/strong>\n<strong>Hern\u00e9 popoludnie <\/strong>\nSrde\u010dne poz\u00fdvame v\u0161etk\u00fdch na hern\u00e9 popoludnie v pastora\u010dnom centre, ktor\u00e9 sa uskuto\u010dn\u00ed dnes v\u00a0nede\u013eu 24.11. od 14:30. Organiz\u00e1tori zabezpe\u010dia dostatok modern\u00fdch spolo\u010densk\u00fdch hier pre deti i dospel\u00fdch, m\u00f4\u017eete si prinies\u0165 aj vlastn\u00e9.\u00a0Poz\u00fdvame op\u00e4tovne touto formou utu\u017ei\u0165 na\u0161e farsk\u00e9 spolo\u010denstvo \ud83d\ude42\n&nbsp;\n<strong>40-hodinov\u00e1 eucharistick\u00e1 ador\u00e1cia Quarantore<\/strong>\nNa za\u010diatku liturgick\u00e9ho roka pred prvou adventnou nede\u013eou poz\u00fdvame v\u0161etk\u00fdch k\u00a0st\u00ed\u0161eniu a\u00a0bdeniu v\u00a0modlitbe pred vylo\u017eenou Sviatos\u0165ou Olt\u00e1rnou v\u00a0typicky oratori\u00e1nskej pobo\u017enosti Quarantore, 40-hodinovej eucharistickej ador\u00e1cie, ktor\u00e1 sa za\u010dne v\u00a0piatok 29. 11. o\u00a015.00 a\u00a0skon\u010d\u00ed sa v\u00a0nede\u013eu r\u00e1no o\u00a07.00h. Sl\u00e1vnostn\u00e9 vylo\u017eenie Sviatosti bude samozrejme preru\u0161en\u00e9 po\u010das eucharistick\u00e9ho sl\u00e1venia sv. om\u0161\u00ed v\u00a0piatok o\u00a018.00 a\u00a0v\u00a0sobotu dopoludnia o\u00a07.30 a\u00a0o\u00a010.00h. Na jednotliv\u00e9 hodiny sa m\u00f4\u017eete zap\u00edsa\u0165 ako v\u017edy na h\u00e1rky v\u00a0kostole. Popri osobn\u00fdch \u00famysloch sa budeme modli\u0165 za k\u0148azsk\u00e9 povolania. Korene tejto pobo\u017enosti siahaj\u00fa do stredoveku, no v 16. storo\u010d\u00ed dostala schv\u00e1lenie p\u00e1pe\u017ea Pavla III. a jej ve\u013ek\u00fdm \u0161\u00edrite\u013eom bol sv\u00e4t\u00fd Filip Neri. Via\u017ee sa najm\u00e4 na \u010das medzi smr\u0165ou a zm\u0155tvychvstan\u00edm P\u00e1na Je\u017ei\u0161a. Sv\u00e4t\u00fd Filip ju odpor\u00fa\u010dal svojim najm\u00e4 vtedy, ke\u010f boli naliehav\u00e9 \u00famysly modlitby.\n&nbsp;\n<strong>Dobrota pre Afriku<\/strong>\nOb\u010dianske zdru\u017eenie Dobrota pre Afriku V\u00e1s srde\u010dne poz\u00fdva na Adventn\u00fa misijn\u00fa burzu v pondelok 25. novembra od 16. do 20. hod. v Dome Quo Vadis na Hurbanovom n\u00e1m. V\u00fd\u0165a\u017eok z predaja bude pou\u017eit\u00fd pre obete povodn\u00ed v Stredoafrickej republike.\n&nbsp;]]>\t\t<\/p>\n","protected":false},"excerpt":{"rendered":"<p>\t\t\t\t<![CDATA[&nbsp;<br \/>]]>\t\t<\/p>\n","protected":false},"author":2,"featured_media":0,"comment_status":"closed","ping_status":"closed","sticky":false,"template":"","format":"standard","meta":{"footnotes":""},"categories":[11],"tags":[],"_links":{"self":[{"href":"https:\/\/svatarodina.fara.sk\/index.php?rest_route=\/wp\/v2\/posts\/5662"}],"collection":[{"href":"https:\/\/svatarodina.fara.sk\/index.php?rest_route=\/wp\/v2\/posts"}],"about":[{"href":"https:\/\/svatarodina.fara.sk\/index.php?rest_route=\/wp\/v2\/types\/post"}],"author":[{"embeddable":true,"href":"https:\/\/svatarodina.fara.sk\/index.php?rest_route=\/wp\/v2\/users\/2"}],"replies":[{"embeddable":true,"href":"https:\/\/svatarodina.fara.sk\/index.php?rest_route=%2Fwp%2Fv2%2Fcomments&post=5662"}],"version-history":[{"count":0,"href":"https:\/\/svatarodina.fara.sk\/index.php?rest_route=\/wp\/v2\/posts\/5662\/revisions"}],"wp:attachment":[{"href":"https:\/\/svatarodina.fara.sk\/index.php?rest_route=%2Fwp%2Fv2%2Fmedia&parent=5662"}],"wp:term":[{"taxonomy":"category","embeddable":true,"href":"https:\/\/svatarodina.fara.sk\/index.php?rest_route=%2Fwp%2Fv2%2Fcategories&post=5662"},{"taxonomy":"post_tag","embeddable":true,"href":"https:\/\/svatarodina.fara.sk\/index.php?rest_route=%2Fwp%2Fv2%2Ftags&post=5662"}],"curies":[{"name":"wp","href":"https:\/\/api.w.org\/{rel}","templated":true}]}}