{"id":5686,"date":"2019-11-30T20:03:43","date_gmt":"2019-11-30T19:03:43","guid":{"rendered":"http:\/\/fara.sk\/svatarodina\/?p=5686"},"modified":"2019-11-30T20:03:43","modified_gmt":"2019-11-30T19:03:43","slug":"aktualne-farske-oznamy-1-adventna-nedela-1-12-2019","status":"publish","type":"post","link":"https:\/\/svatarodina.fara.sk\/?p=5686","title":{"rendered":"Farsk\u00e9 oznamy (1. adventn\u00e1 nede\u013ea, 1. 12. 2019)"},"content":{"rendered":"<p>\t\t\t\t<![CDATA[&nbsp;\n\n\n<table width=\"512\">\n\n\n<tbody>\n\n\n<tr>\n\n\n<td colspan=\"2\" width=\"214\">\n\n\n<h1><strong>Liturgick\u00fd kalend\u00e1r<\/strong><\/h1>\n\n\n<\/td>\n\n\n\n\n<td colspan=\"3\" width=\"298\">\n\n\n<h2>\u00damysly<\/h2>\n\n\n<\/td>\n\n\n<\/tr>\n\n\n\n\n<tr>\n\n\n<td rowspan=\"4\" width=\"72\">\n\n\n<h1>Nede\u013ea<\/h1>\n\n\n1.12.<\/td>\n\n\n\n\n<td rowspan=\"4\" width=\"142\"><strong>1. ADVENTN\u00c1 NEDE\u013dA<\/strong><\/td>\n\n\n\n\n<td width=\"43\">7.30<\/td>\n\n\n\n\n<td width=\"28\"><strong>ML<\/strong><\/td>\n\n\n\n\n<td width=\"227\">+ rodi\u010dia Franti\u0161ek, M\u00e1ria, Juraj<\/td>\n\n\n<\/tr>\n\n\n\n\n<tr>\n\n\n<td width=\"43\">9.00<\/td>\n\n\n\n\n<td width=\"28\"><strong>MK<\/strong><\/td>\n\n\n\n\n<td width=\"227\">Za stavite\u013eov a\u00a0dobrodincov tohto chr\u00e1mu<\/td>\n\n\n<\/tr>\n\n\n\n\n<tr>\n\n\n<td width=\"43\">10.30<\/td>\n\n\n\n\n<td width=\"28\"><strong>JV<\/strong><\/td>\n\n\n\n\n<td width=\"227\">za farn\u00edkov<\/td>\n\n\n<\/tr>\n\n\n\n\n<tr>\n\n\n<td width=\"43\">18.00<\/td>\n\n\n\n\n<td width=\"28\"><strong>JD<\/strong><\/td>\n\n\n\n\n<td width=\"227\">Za \u0161\u0165astn\u00fa smr\u0165 pre rodinu<\/td>\n\n\n<\/tr>\n\n\n\n\n<tr>\n\n\n<td rowspan=\"2\" width=\"72\">\n\n\n<h1>Pondelok<\/h1>\n\n\n2.12.<\/td>\n\n\n\n\n<td rowspan=\"2\" width=\"142\"><em>\u00a0<\/em><\/td>\n\n\n\n\n<td width=\"43\">6.15<\/td>\n\n\n\n\n<td width=\"28\"><strong>ML<\/strong><\/td>\n\n\n\n\n<td width=\"227\">Za pr\u00e1cu\u00a0 a Bo\u017eiu pomoc pre Martina<\/td>\n\n\n<\/tr>\n\n\n\n\n<tr>\n\n\n<td width=\"43\">18.00<\/td>\n\n\n\n\n<td width=\"28\"><strong>JV<\/strong><\/td>\n\n\n\n\n<td width=\"227\">+ Vojtech, \u0160tefan\u00a0 a\u00a0dc\u00e9ra Eva<\/td>\n\n\n<\/tr>\n\n\n\n\n<tr>\n\n\n<td rowspan=\"2\" width=\"72\">\n\n\n<h1>Utorok<\/h1>\n\n\n\n\n<h1>3.12.<\/h1>\n\n\n<\/td>\n\n\n\n\n<td rowspan=\"2\" width=\"142\"><em>sv. Franti\u0161ek Xaversk\u00fd, <\/em><em>k\u0148az, spom.<\/em><\/td>\n\n\n\n\n<td width=\"43\">6.15<\/td>\n\n\n\n\n<td width=\"28\"><strong>ML<\/strong><\/td>\n\n\n\n\n<td width=\"227\">+ Al\u017ebeta<\/td>\n\n\n<\/tr>\n\n\n\n\n<tr>\n\n\n<td width=\"43\">18.00<\/td>\n\n\n\n\n<td width=\"28\"><strong>JV<\/strong><\/td>\n\n\n\n\n<td width=\"227\">Za po\u017eehnanie pre Petra a Val\u00e9riu<\/td>\n\n\n<\/tr>\n\n\n\n\n<tr>\n\n\n<td rowspan=\"2\" width=\"72\"><strong>Streda<\/strong>\n4.12.<\/td>\n\n\n\n\n<td rowspan=\"2\" width=\"142\"><em>sv. J\u00e1n Damasc\u00e9nsky<\/em><em>, k\u0148az a\u00a0u\u010dite\u013e Cirkvi, \u013e.spom.<\/em>\n<em>sv. Barbora, <\/em><em>panna a\u00a0mu\u010denica, \u013e.spom.<\/em><\/td>\n\n\n\n\n<td width=\"43\">6.15<\/td>\n\n\n\n\n<td width=\"28\"><strong>ML<\/strong><\/td>\n\n\n\n\n<td width=\"227\">Za duchovn\u00e9 povolania<\/td>\n\n\n<\/tr>\n\n\n\n\n<tr>\n\n\n<td width=\"43\">18.00<\/td>\n\n\n\n\n<td width=\"28\"><strong>JV<\/strong><\/td>\n\n\n\n\n<td width=\"227\">+ Jaroslav<\/td>\n\n\n<\/tr>\n\n\n\n\n<tr>\n\n\n<td rowspan=\"2\" width=\"72\"><strong>\u0160tvrtok<\/strong>\n5.12.<\/td>\n\n\n\n\n<td rowspan=\"2\" width=\"142\"><em>\u00a0<\/em><\/td>\n\n\n\n\n<td width=\"43\">6.15<\/td>\n\n\n\n\n<td width=\"28\"><strong>JV<\/strong><\/td>\n\n\n\n\n<td width=\"227\">+ Roman (<em>latinsk\u00e1<\/em>)<\/td>\n\n\n<\/tr>\n\n\n\n\n<tr>\n\n\n<td width=\"43\">18.00<\/td>\n\n\n\n\n<td width=\"28\"><strong>ML<\/strong><\/td>\n\n\n\n\n<td width=\"227\">Po\u010fakovanie za dar \u017eivota<\/td>\n\n\n<\/tr>\n\n\n\n\n<tr>\n\n\n<td rowspan=\"2\" width=\"72\">\n\n\n<h1>Piatok<\/h1>\n\n\n6.12.<\/td>\n\n\n\n\n<td rowspan=\"2\" width=\"142\"><em>sv. Mikul\u00e1\u0161, <\/em><em>biskup, \u013e.spom.<\/em><\/td>\n\n\n\n\n<td width=\"43\">6.15<\/td>\n\n\n\n\n<td width=\"28\"><strong>JV<\/strong><\/td>\n\n\n\n\n<td width=\"227\">+ matka M\u00e1ria<\/td>\n\n\n<\/tr>\n\n\n\n\n<tr>\n\n\n<td width=\"43\">18.00<\/td>\n\n\n\n\n<td width=\"28\"><strong>ML<\/strong><\/td>\n\n\n\n\n<td width=\"227\">+ Man\u017eelka O\u013ega<\/td>\n\n\n<\/tr>\n\n\n\n\n<tr>\n\n\n<td rowspan=\"2\" width=\"72\">\n\n\n<h1>Sobota<\/h1>\n\n\n7.12.<\/td>\n\n\n\n\n<td rowspan=\"2\" width=\"142\"><em>sv. Ambr\u00f3z, <\/em><em>biskup a\u00a0u\u010dite\u013e Cirkvi<\/em><\/td>\n\n\n\n\n<td width=\"43\">8.00<\/td>\n\n\n\n\n<td width=\"28\"><strong>ML<\/strong><\/td>\n\n\n\n\n<td width=\"227\">Za ru\u017eencov\u00e9 bratstvo<\/td>\n\n\n<\/tr>\n\n\n\n\n<tr>\n\n\n<td width=\"43\">&nbsp;<\/td>\n\n\n\n\n<td width=\"28\"><strong>\u00a0<\/strong><\/td>\n\n\n\n\n<td width=\"227\">&nbsp;<\/td>\n\n\n<\/tr>\n\n\n\n\n<tr>\n\n\n<td rowspan=\"4\" width=\"72\">\n\n\n<h1>Nede\u013ea<\/h1>\n\n\n8.12.<\/td>\n\n\n\n\n<td rowspan=\"4\" width=\"142\"><strong>2. ADVENTN\u00c1 NEDE\u013dA<\/strong><\/td>\n\n\n\n\n<td width=\"43\">7.30<\/td>\n\n\n\n\n<td width=\"28\"><strong>ML<\/strong><\/td>\n\n\n\n\n<td width=\"227\">Za Bo\u017eiu pomoc a\u00a0zdravie pre pani kostoln\u00ed\u010dku s rodinou<\/td>\n\n\n<\/tr>\n\n\n\n\n<tr>\n\n\n<td width=\"43\">9.00<\/td>\n\n\n\n\n<td width=\"28\"><strong>JV<\/strong><\/td>\n\n\n\n\n<td width=\"227\">+ brat a rodi\u010dia<\/td>\n\n\n<\/tr>\n\n\n\n\n<tr>\n\n\n<td width=\"43\">10.30<\/td>\n\n\n\n\n<td width=\"28\"><strong>ML<\/strong><\/td>\n\n\n\n\n<td width=\"227\">za farn\u00edkov<\/td>\n\n\n<\/tr>\n\n\n\n\n<tr>\n\n\n<td width=\"43\">18.00<\/td>\n\n\n\n\n<td width=\"28\"><strong>JV<\/strong><\/td>\n\n\n\n\n<td width=\"227\">+ Iveta Albertov\u00e1<\/td>\n\n\n<\/tr>\n\n\n<\/tbody>\n\n\n<\/table>\n\n\n<em>Inici\u00e1lky:\u00a0\u00a0\u00a0 JV \u2013 o. Juraj Vittek,\u00a0\u00a0\u00a0 ML \u2013 dp. Mari\u00e1n Luk\u00e1\u010d,\u00a0 MK \u2013 vdp. Martin Kramara,\u00a0 JD \u2013 vdp. Juraj Drobn\u00fd<\/em>\n&nbsp;\n<strong>Zbierka na charitu<\/strong>\nDnes bude po sv. om\u0161iach jesenn\u00e1 zbierka na charitu. Za va\u0161e milodary nech V\u00e1s P\u00e1n odmen\u00ed!\n<strong>Mini\u0161trantsk\u00e9 stretnutie<\/strong>\nbude dnes, v nede\u013eu 1. 12. popoludn\u00ed od 14.00 do 15.30. V\u0161etk\u00fdch s\u00fa\u010dasn\u00fdch i\u00a0n\u00e1dejn\u00fdch mini\u0161trantov srde\u010dne poz\u00fdvame.\n<strong>Spovedanie k\u00a0prv\u00e9mu piatku a\u00a0spovedanie chor\u00fdch k\u00a0Vianociam<\/strong>\nTento t\u00fd\u017ede\u0148 budeme spoveda\u0165 od 17:00. Pros\u00edme, aby ste n\u00e1m v\u00a0sakristii alebo v kancel\u00e1rii nahl\u00e1sili chor\u00fdch, ktor\u00ed by sa chceli vyspoveda\u0165 k\u00a0Vianociam doma.\n<strong>Ror\u00e1tne sv. om\u0161e<\/strong>\nV\u00a0advente V\u00e1s poz\u00fdvame na ror\u00e1tne sv. om\u0161e na \u00fasvite pri svie\u010dkach. V\u00a0na\u0161ej farnosti budeme ror\u00e1ty sl\u00e1vi\u0165 ka\u017ed\u00fd pracovn\u00fd de\u0148 o\u00a06:15 hod. Z\u00e1rove\u0148 v\u00e1s poz\u00fdvame, aby ste si priniesli lamp\u00e1\u0161ik \u2013 symbol \u017eivej viery. Ten budeme ka\u017ed\u00fd de\u0148 na ror\u00e1ty nosi\u0165 z\u00a0domu za\u017eat\u00fd ako vyjadrenie \u017eivej a\u00a0horiacej viery. Vo \u0161tvrtok bude ror\u00e1tna om\u0161a po latinsky a na zv\u00fdraznenie o\u010dak\u00e1vania prich\u00e1dzaj\u00faceho P\u00e1na, budeme t\u00e1to sv. om\u0161a sl\u00e1ven\u00e1 <em>ad orientem, <\/em>teda budeme orientovan\u00ed po\u010das eucharistickej modlitby smerom na V\u00fdchod. Na ror\u00e1ty poz\u00fdvame zvl\u00e1\u0161\u0165 deti a ml\u00e1de\u017e, v\u00a0piatky na\u0161e mlad\u00e9 rodinky pripravia aj chutn\u00e9 ra\u0148ajky.\n<strong>Stretnutie seniorov, viano\u010dn\u00e9 obl\u00e1tky<\/strong>\nV pondelok 2. decembra 2019 o\u00a015.30h\u00a0bude v Pastora\u010dnom centre stretnutie klubu kres\u0165ansk\u00fdch seniorov. Program a pozv\u00e1nka su na nastenke pri vchode do kostola.\u00a0Dnes (v nede\u013eu) po dopoludnaj\u0161\u00edch sv\u00e4t\u00fdch om\u0161iach si v\u00a0pastora\u010dnom centre m\u00f4\u017eete zak\u00fapi\u0165 viano\u010dn\u00e9 obl\u00e1tky, pern\u00edky a poh\u013eadnice, ktor\u00e9 pripravili na\u0161i seniori. Vstup do pastora\u010dn\u00e9ho centra bude otvoren\u00fd zvonka.\n<strong>Katech\u00e9za pre dospel\u00fdch, detsk\u00e1 sv. om\u0161a, birmovanci, ru\u017eencov\u00e9 bratstvo<\/strong>\nV utorok po ve\u010dernej sv. om\u0161i bude katech\u00e9za o. Juraja pre dospel\u00fdch. V\u00a0stredu bude detsk\u00e1 sv. om\u0161a spojen\u00e1 s\u00a0katech\u00e9zou prvoprij\u00edmaj\u00facich det\u00ed. Na bud\u00faci \u0161tvrtok bude katech\u00e9za birmovancov po sv. om\u0161i. V\u00a0sobotu r\u00e1no bude stretnutie ru\u017eencov\u00e9ho bratstva, ktor\u00e9 sa za\u010dne spolo\u010dnou modlitbou sv. ru\u017eenca o\u00a07.30h. O\u00a08.00h bude sv\u00e4t\u00e1 om\u0161a.\n<strong>Zimn\u00e9 k\u00e1ntrov\u00e9 dni<\/strong>\nbud\u00fa v\u00a0stredu, piatok a\u00a0sobotu. Z\u00e1v\u00e4zn\u00fd je iba jeden de\u0148. Ich obsahom je pr\u00edchod Kristovho kr\u00e1\u013eovstva do rod\u00edn; duchovn\u00e1 obnova rod\u00edn; pokoj a\u00a0spravodlivos\u0165 vo svete.\n<strong>Zapisovanie om\u0161\u00ed<\/strong>\nOd pondelka,\u00a0po rannej a\u00a0ve\u010dernej sv\u00e4tej om\u0161i <strong>cez t\u00fd\u017ede\u0148 (nie v\u00a0nede\u013eu!)<\/strong>bude mo\u017enos\u0165 v\u00a0sakristii zapisova\u0165 \u00famysly om\u0161\u00ed na prv\u00fd polrok 2020. Kv\u00f4li ve\u013ek\u00e9mu z\u00e1ujmu je mo\u017en\u00e9 zap\u00edsa\u0165 pre ka\u017ed\u00e9ho len jednu om\u0161u v\u00a0nede\u013eu a\u00a0jednu cez t\u00fd\u017ede\u0148 \u2013 viac nesk\u00f4r, ke\u010f zostane miesto. Pon\u00fakame aj druh\u00fa mo\u017enos\u0165 \u2013 s\u00fakromne sl\u00fa\u017een\u00fa sv. om\u0161u na \u00famysel. M\u00f4\u017eete necha\u0165 milodar na odsl\u00fa\u017eenie sv. om\u0161e na konkr\u00e9tny \u00famysel. Na tejto om\u0161i sa v\u0161ak darca nem\u00e1 mo\u017enos\u0165 z\u00fa\u010dastni\u0165 sa, ale je odsl\u00fa\u017een\u00e1 s\u00fakromne (napr\u00edklad po\u010das k\u0148azskej dovolenky a\u00a0pod.). Pri tejto pr\u00edle\u017eitosti zd\u00f4raz\u0148ujeme, \u017ee nejde o\u00a0objednanie si om\u0161e, ale o\u00a0po\u017eiadanie k\u0148aza, aby celebroval sv. om\u0161u na ten-ktor\u00fd \u00famysel. Nie je teda podstatn\u00e9, aby tento \u00famysel zaznel po\u010das samotnej sv. om\u0161e.\n<strong>V\u00fdstava betlehemov<\/strong>\nV\u00fdstava betlehemov v na\u0161om pastoracnom centre sa uskutocni od 8 do 15.decembra 2019.\nZah\u00e1jenie v\u00fdstavy bude v nedelu 8.12. 2019. o\u00a010.00 hod. Prosili by sme o zapo\u017ei\u010danie va\u0161ich betlehemov, ktor\u00e9 m\u00f4\u017eete prinies\u0165 v\u00a0stredu 4.12. 2019 od 16 do 18.00 hod, alebo v piatok 6.12. 2019 od 10.00 do 12.00 hod. do pastora\u010dn\u00e9ho centra.\n<strong>Koledovanie Dobrej noviny<\/strong>\nAj tento rok sa na\u0161a farnos\u0165 zapoj\u00ed\u00a0 do koledn\u00edckej akcie\u00a0Dobr\u00e1 novina.\u00a0\u00a0Poz\u00fdvame v\u0161etky deti, ktor\u00e9 by sa chceli sta\u0165 koledn\u00edkmi na prv\u00e9 spolo\u010dn\u00e9 stretnutie, ktor\u00e9 bude bud\u00facu nede\u013eu 8.12 od 15.30 do 17:00 v pastora\u010dnom centre. Pr\u00edpravn\u00e9 stretnutia, kde sa deti viac dozvedia o krajine pre ktor\u00fa sa\u00a0 tento rok koleduje, sa uskuto\u010dnia aj nasleduj\u00face adventn\u00e9 nedele v rovnakom \u010dase. Koledova\u0165 sa bude chodi\u0165 26.12 a 6.1.\n<strong>Obnovenie zasv\u00e4tenia<\/strong>\nSpolo\u010denstvo <em>Rosa Mystica <\/em>srde\u010dne poz\u00fdva\u00a0v\u0161etk\u00fdch ctite\u013eov 8.12. (na bud\u00facu nede\u013eu) na op\u00e4tovn\u00e9 zasv\u00e4tenie sa Panne M\u00e1rii z\u00a0pr\u00edle\u017eitosti sviatku Nepo\u0161kvrnen\u00e9ho Po\u010datia Panny M\u00e1rie, ktor\u00e9 bude na z\u00e1ver sv. om\u0161e o\u00a010.30h. Pred sv. om\u0161ou sa bude modli\u0165 posv\u00e4tn\u00fd Ru\u017eenec a\u00a0po sv. om\u0161i ste srde\u010dne pozvan\u00ed na agap\u00e9, kde sa podelia o\u00a0z\u00e1\u017eitky t\u00ed, ktor\u00ed mali doma so\u0161ku Panny M\u00e1rie uctievanej ako <em>Rosa Mystica<\/em>.\n<strong>OZNAMY ARCIDIEC\u00c9ZY<\/strong>\n<strong>Zasv\u00e4tenie Bratislavy<\/strong>\nSrde\u010dne poz\u00fdvame veriacich na sl\u00e1vnostn\u00fa sv\u00e4t\u00fa om\u0161u so zasv\u00e4ten\u00edm Bratislavy Panne M\u00e1rii v pondelok 9. decembra 2019, v\u00a0de\u0148 sl\u00e1vnosti Nepo\u0161kvrnen\u00e9ho Po\u010datia Panny M\u00e1rie, ktor\u00fa bude o 17.30 hod. sl\u00e1vi\u0165 bratislavsk\u00fd arcibiskup Mons. Stanislav Zvolensk\u00fd v Kostole sv. J\u00e1na z Mathy (Troji\u010dka) v Bratislave.\n<strong>Biskup Ha\u013eko na viano\u010dn\u00fdch trhoch<\/strong>\nBratislavsk\u00fd pomocn\u00fd biskup Mons. Jozef Ha\u013eko bude od 30. novembra do 22. decembra v\u017edy v\u00a0soboty a\u00a0nedele (okrem nedele 15.12.) v \u010dase od 15.00 do 17.00 hod. pri charitat\u00edvnom st\u00e1nku Malt\u00e9zskej pomoci Slovensko na viano\u010dn\u00fdch trhoch v\u00a0Bratislave na Hviezdoslavovom n\u00e1mest\u00ed k\u00a0dispoz\u00edcii pre rozhovor. V\u0161etci s\u00fa srde\u010dne pozvan\u00ed.\n<strong>Za najmen\u0161\u00edch z\u00a0n\u00e1s<\/strong>\nOb\u010dianske zdru\u017eenie\u00a0<em>Asoci\u00e1cia za \u017eivot a\u00a0rodinu<\/em>\u00a0poz\u00fdva na verejn\u00e9 modlitbov\u00e9 zhroma\u017edenie s n\u00e1zvom ZA NAJMEN\u0160\u00cdCH Z N\u00c1S. Uskuto\u010dn\u00ed sa pred parlamentom d\u0148a 3. 12. 2019 o 16:30 hod. Toto modlitbov\u00e9 verejn\u00e9 zhroma\u017edenie je volan\u00edm k Bohu o pomoc a z\u00e1rove\u0148 \u017eiados\u0165ou adresovanou poslancom, aby hlasovali za lep\u0161iu ochranu nenaroden\u00fdch. Parlament na pr\u00e1ve prebiehaj\u00facej sch\u00f4dzi v druhom \u010d\u00edtan\u00ed prerokuje z\u00e1kon, ktor\u00fd ak bude prijat\u00fd, zlep\u0161\u00ed informovanos\u0165 mami\u010diek pred potratom, v\u010faka \u010domu bud\u00fa lep\u0161ie chr\u00e1nen\u00e9 nenaroden\u00e9 deti pred potratom. Prineste si pros\u00edm svie\u010dky.]]>\t\t<\/p>\n","protected":false},"excerpt":{"rendered":"<p>\t\t\t\t<![CDATA[&nbsp;<br \/>]]>\t\t<\/p>\n","protected":false},"author":2,"featured_media":0,"comment_status":"closed","ping_status":"closed","sticky":false,"template":"","format":"standard","meta":{"footnotes":""},"categories":[11],"tags":[],"_links":{"self":[{"href":"https:\/\/svatarodina.fara.sk\/index.php?rest_route=\/wp\/v2\/posts\/5686"}],"collection":[{"href":"https:\/\/svatarodina.fara.sk\/index.php?rest_route=\/wp\/v2\/posts"}],"about":[{"href":"https:\/\/svatarodina.fara.sk\/index.php?rest_route=\/wp\/v2\/types\/post"}],"author":[{"embeddable":true,"href":"https:\/\/svatarodina.fara.sk\/index.php?rest_route=\/wp\/v2\/users\/2"}],"replies":[{"embeddable":true,"href":"https:\/\/svatarodina.fara.sk\/index.php?rest_route=%2Fwp%2Fv2%2Fcomments&post=5686"}],"version-history":[{"count":0,"href":"https:\/\/svatarodina.fara.sk\/index.php?rest_route=\/wp\/v2\/posts\/5686\/revisions"}],"wp:attachment":[{"href":"https:\/\/svatarodina.fara.sk\/index.php?rest_route=%2Fwp%2Fv2%2Fmedia&parent=5686"}],"wp:term":[{"taxonomy":"category","embeddable":true,"href":"https:\/\/svatarodina.fara.sk\/index.php?rest_route=%2Fwp%2Fv2%2Fcategories&post=5686"},{"taxonomy":"post_tag","embeddable":true,"href":"https:\/\/svatarodina.fara.sk\/index.php?rest_route=%2Fwp%2Fv2%2Ftags&post=5686"}],"curies":[{"name":"wp","href":"https:\/\/api.w.org\/{rel}","templated":true}]}}